{"id":5593,"date":"2025-02-16T18:13:17","date_gmt":"2025-02-16T16:13:17","guid":{"rendered":"https:\/\/pen-greece.org\/?p=5593"},"modified":"2025-02-16T18:13:42","modified_gmt":"2025-02-16T16:13:42","slug":"serbia-protect-journalists-amidst-nationwide-protests","status":"publish","type":"post","link":"https:\/\/pen-greece.org\/en\/serbia-protect-journalists-amidst-nationwide-protests\/","title":{"rendered":"Serbia: Protect journalists amidst nationwide protests"},"content":{"rendered":"<p class=\"preFade fadeIn\" style=\"text-align: justify;\"><span style=\"color: #000000;\"><strong>\u201cOnce again, independent journalists seeking to inform on nationwide protests in Serbia are the target of the Serbian authorities as well as pro-government media and trolls, who not only prevent them from reporting but vilify them through hateful statements and manipulated videos. We stand with the courageous journalists of Serbia and urge the authorities to ensure their safety\u201d &#8211; <em>Ma Thida, Chair of PEN International\u2019s Writers in Prison Committee<\/em><\/strong>\u00a0<\/span><\/p>\n<p class=\"preFade fadeIn\" style=\"text-align: justify;\"><strong>07 February 2025: The Serbian authorities must uphold the right to peacefully protest and ensure a safe and enabling environment for journalists, PEN International said today, as student-led demonstrations continue to sweep through the country.\u00a0<\/strong><\/p>\n<p class=\"preFade fadeIn\" style=\"text-align: justify;\">The trigger for the latest protests came on 1 November 2024, when 15 people died and several were seriously injured following the <a href=\"https:\/\/www.politico.eu\/article\/serbia-railway-station-accident-minister-transport-milos-vucevic-construction\/\" target=\"_blank\" rel=\"noopener\">collapse<\/a> of the concrete canopy of the newly renovated train station in Novi Sad, northern Serbia. Many blamed the Serbian authorities for the disaster, alleging corruption and incompetence. Since then, tens of thousands of people have been taking part in <a href=\"https:\/\/www.theguardian.com\/world\/2025\/feb\/03\/serbia-student-led-protesters-next-move\" target=\"_blank\" rel=\"noopener\">student-led demonstrations<\/a> across the country, urging transparency and accountability. Serbia\u2019s transport minister and prime minister subsequently resigned, with the protests showing no sign of abating. On 3 February 2025, Serbia\u2019s Bar Association <a href=\"https:\/\/balkaninsight.com\/2025\/02\/03\/serbian-lawyers-suspend-work-for-month-in-support-of-protests\/\" target=\"_blank\" rel=\"noopener\">declared<\/a> a one-month lawyers\u2019 strike in solidarity, bringing the justice system to a halt.<\/p>\n<p class=\"preFade fadeIn\" style=\"text-align: justify;\">Protesters have <a href=\"https:\/\/balkaninsight.com\/2025\/01\/22\/changing-the-narrative-how-the-serbian-state-works-to-demonise-protesters\/\" target=\"_blank\" rel=\"noopener\">alleged<\/a> that pro-government groups have been seeking to escalate violence during the largely peaceful protests, in an effort to disrupt and <a href=\"https:\/\/apnews.com\/article\/serbia-canopy-collapse-protest-novi-sad-9f4c6e14c01aca29aa4f2c6720bbebff\" target=\"_blank\" rel=\"noopener\">undermine<\/a> them. Pro-government media have been reporting negatively on the protests and <a href=\"https:\/\/www.euronews.com\/2025\/01\/16\/student-protester-hit-by-car-at-anti-government-demonstration-in-belgrade\" target=\"_blank\" rel=\"noopener\">published<\/a> some protesters\u2019 personal data, raising concerns for their safety. Notably, in January 2025, a showing at the University of Belgrade of Oliver Frlji\u0107\u2019s play <em>Zoran \u0110in\u0111i\u0107<\/em> \u2013 based on the late Serbian prime minister assassinated in 2003 because of his pro-democracy stance and crackdown on organised crime \u2013 was demonised on social media and <a href=\"https:\/\/www.alo.rs\/vesti\/politika\/1013062\/pogledajte-sta-pustaju-na-fpn-u-i-pravnom-fakuletu-fotovideo\/vest\" target=\"_blank\" rel=\"noopener\">portrayed<\/a> by tabloids as yet another example of students offending and betraying Serbia. President Aleksandar Vu\u010di\u0107 alleged students were receiving money from abroad and <a href=\"https:\/\/www.theguardian.com\/world\/2025\/jan\/30\/we-are-done-with-corruption-how-the-students-of-serbia-rose-up-against-the-system\" target=\"_blank\" rel=\"noopener\">accused<\/a> foreign media of lying about the protests.<\/p>\n<p class=\"preFade fadeIn\" style=\"text-align: justify;\">\u00a0Journalists in Serbia have been <a href=\"https:\/\/safejournalists.net\/alert\/safejournalists-police-should-protect-journalists-and-citizens-of-serbia-not-interfere-with-reporting-or-endanger-public-interest\/\" target=\"_blank\" rel=\"noopener\">prevented<\/a> from reporting on the protests and vilified by pro-government media. Amongst those targeted is Serbian broadcaster and journalist Zoran Kesi\u0107, who <a href=\"https:\/\/vreme.com\/en\/vesti\/targetiranje-zorana-kesica-istraga-tapka-u-mestu-uprkos-snimcima\/\" target=\"_blank\" rel=\"noopener\">reported<\/a> at least 200 threatening graffiti across Belgrade linking him to the Novi Sad tragedy, prompting a <a href=\"https:\/\/kossev.info\/en\/zastita-novinara-privatnosti-i-novinarska-etika-pale-na-ispitu-u-novoj-godini\/\" target=\"_blank\" rel=\"noopener\">complaint<\/a> by the Association of Independent Electronic Media (ANEM). The Independent Association of Journalists of Serbia (NUNS)\u202f<a href=\"https:\/\/www.ifj.org\/media-centre\/news\/detail\/category\/collective-bargaining\/article\/serbia-ifj-and-efj-sound-alarm-about-press-restrictions-and-dismissals\" target=\"_blank\" rel=\"noopener\">recorded<\/a>\u202fover 30 instances of attacks, verbal threats and intimidation of journalists by public officials, law enforcement officials and individuals in January 2025 alone.<\/p>\n<p class=\"preFade fadeIn\" style=\"text-align: justify;\">An <a href=\"https:\/\/www.instagram.com\/reel\/DFlKXhZNxRq\/?utm_source=ig_web_copy_link\" target=\"_blank\" rel=\"noopener\">edited video<\/a>, published on 3 March 2025 and widely shared on social media platforms, saw actors Marko Janketi\u0107 and Mirjana Karanovi\u0107, journalists Zoran Kesi\u0107, Jelena Obu\u0107ina and <a href=\"https:\/\/static1.squarespace.com\/static\/628f9ae10b12c8255bd8814d\/t\/670665db109a301d712e9a3d\/1728472547087\/PEN+Case+List+08+2024+FULL+Web+1UP.pdf+August+29+%281%29.pdf\" target=\"_blank\" rel=\"noopener\">Marko Vidojkovi\u0107<\/a>, playwright Biljana Srbljanovi\u0107 and historian Milan St Proti\u0107 made to appear as supporting Kosovo\u2019s independence and branded traitors. Some featured in the video reported receiving death threats. Parliamentary elections have been scheduled for Kosovo on 9 February amid <a href=\"https:\/\/www.rferl.org\/a\/nato-eu-kosovo-serbia-election-kfor\/33280519.html\" target=\"_blank\" rel=\"noopener\">rising tension<\/a> with the country\u2019s ethnic Serbs and Serbia itself.<\/p>\n<p class=\"preFade fadeIn\" style=\"text-align: justify;\">PEN International urges the Serbian authorities to abide by their national and international obligations to uphold the rights to freedom of expression and peaceful assembly, and to ensure that journalists, writers and activists can speak out and inform without fear of reprisal.<\/p>\n<p class=\"preFade fadeIn\" style=\"text-align: justify;\">For more information about the state of freedom of expression in Serbia, please see PEN International\u2019s report <a href=\"https:\/\/www.pen-international.org\/news\/new-report-toxic-narratives-silencing-expression-in-the-western-balkans\" target=\"_blank\" rel=\"noopener\"><em>Toxic Narratives. Silencing Expression in the Western Balkans<\/em><\/a>.<\/p>\n","protected":false},"excerpt":{"rendered":"<p>\u201cOnce again, independent journalists seeking to inform on nationwide protests in Serbia are the target of the Serbian authorities as well as pro-government media and trolls, who not only prevent them from reporting but vilify them through hateful statements and manipulated videos. We stand with the courageous journalists of Serbia and urge the authorities to [&#8230;]\n","protected":false},"author":2,"featured_media":5589,"comment_status":"closed","ping_status":"closed","sticky":false,"template":"","format":"standard","meta":{"footnotes":""},"categories":[21],"tags":[],"class_list":["post-5593","post","type-post","status-publish","format-standard","has-post-thumbnail","hentry","category-news"],"yoast_head":"<!-- This site is optimized with the Yoast SEO plugin v27.5 - https:\/\/yoast.com\/product\/yoast-seo-wordpress\/ -->\n<title>Serbia: Protect journalists amidst nationwide protests | P\u0395\u039d Greece<\/title>\n<meta name=\"robots\" content=\"index, follow, max-snippet:-1, max-image-preview:large, max-video-preview:-1\" \/>\n<link rel=\"canonical\" href=\"https:\/\/pen-greece.org\/en\/serbia-protect-journalists-amidst-nationwide-protests\/\" \/>\n<meta property=\"og:locale\" content=\"en_US\" \/>\n<meta property=\"og:type\" content=\"article\" \/>\n<meta property=\"og:title\" content=\"Serbia: Protect journalists amidst nationwide protests | P\u0395\u039d Greece\" \/>\n<meta property=\"og:description\" content=\"\u201cOnce again, independent journalists seeking to inform on nationwide protests in Serbia are the target of the Serbian authorities as well as pro-government media and trolls, who not only prevent them from reporting but vilify them through hateful statements and manipulated videos. We stand with the courageous journalists of Serbia and urge the authorities to [...]\" \/>\n<meta property=\"og:url\" content=\"https:\/\/pen-greece.org\/en\/serbia-protect-journalists-amidst-nationwide-protests\/\" \/>\n<meta property=\"og:site_name\" content=\"P\u0395\u039d Greece\" \/>\n<meta property=\"article:publisher\" content=\"https:\/\/www.facebook.com\/PENGREECE\" \/>\n<meta property=\"article:published_time\" content=\"2025-02-16T16:13:17+00:00\" \/>\n<meta property=\"article:modified_time\" content=\"2025-02-16T16:13:42+00:00\" \/>\n<meta property=\"og:image\" content=\"https:\/\/pen-greece.org\/wp-content\/uploads\/2025\/02\/mail.jpg\" \/>\n\t<meta property=\"og:image:width\" content=\"1151\" \/>\n\t<meta property=\"og:image:height\" content=\"667\" \/>\n\t<meta property=\"og:image:type\" content=\"image\/jpeg\" \/>\n<meta name=\"author\" content=\"PenGreece\" \/>\n<meta name=\"twitter:card\" content=\"summary_large_image\" \/>\n<meta name=\"twitter:creator\" content=\"@PenGreece\" \/>\n<meta name=\"twitter:site\" content=\"@PenGreece\" \/>\n<meta name=\"twitter:label1\" content=\"Written by\" \/>\n\t<meta name=\"twitter:data1\" content=\"PenGreece\" \/>\n\t<meta name=\"twitter:label2\" content=\"Est. reading time\" \/>\n\t<meta name=\"twitter:data2\" content=\"3 minutes\" \/>\n<script type=\"application\/ld+json\" class=\"yoast-schema-graph\">{\"@context\":\"https:\\\/\\\/schema.org\",\"@graph\":[{\"@type\":\"Article\",\"@id\":\"https:\\\/\\\/pen-greece.org\\\/en\\\/serbia-protect-journalists-amidst-nationwide-protests\\\/#article\",\"isPartOf\":{\"@id\":\"https:\\\/\\\/pen-greece.org\\\/en\\\/serbia-protect-journalists-amidst-nationwide-protests\\\/\"},\"author\":{\"name\":\"PenGreece\",\"@id\":\"https:\\\/\\\/pen-greece.org\\\/en\\\/#\\\/schema\\\/person\\\/619d527cc731718fc6d0d0aaf1fa326c\"},\"headline\":\"Serbia: Protect journalists amidst nationwide protests\",\"datePublished\":\"2025-02-16T16:13:17+00:00\",\"dateModified\":\"2025-02-16T16:13:42+00:00\",\"mainEntityOfPage\":{\"@id\":\"https:\\\/\\\/pen-greece.org\\\/en\\\/serbia-protect-journalists-amidst-nationwide-protests\\\/\"},\"wordCount\":563,\"publisher\":{\"@id\":\"https:\\\/\\\/pen-greece.org\\\/en\\\/#organization\"},\"image\":{\"@id\":\"https:\\\/\\\/pen-greece.org\\\/en\\\/serbia-protect-journalists-amidst-nationwide-protests\\\/#primaryimage\"},\"thumbnailUrl\":\"https:\\\/\\\/pen-greece.org\\\/wp-content\\\/uploads\\\/2025\\\/02\\\/mail.jpg\",\"articleSection\":[\"News\"],\"inLanguage\":\"en-US\"},{\"@type\":\"WebPage\",\"@id\":\"https:\\\/\\\/pen-greece.org\\\/en\\\/serbia-protect-journalists-amidst-nationwide-protests\\\/\",\"url\":\"https:\\\/\\\/pen-greece.org\\\/en\\\/serbia-protect-journalists-amidst-nationwide-protests\\\/\",\"name\":\"Serbia: Protect journalists amidst nationwide protests | P\u0395\u039d Greece\",\"isPartOf\":{\"@id\":\"https:\\\/\\\/pen-greece.org\\\/en\\\/#website\"},\"primaryImageOfPage\":{\"@id\":\"https:\\\/\\\/pen-greece.org\\\/en\\\/serbia-protect-journalists-amidst-nationwide-protests\\\/#primaryimage\"},\"image\":{\"@id\":\"https:\\\/\\\/pen-greece.org\\\/en\\\/serbia-protect-journalists-amidst-nationwide-protests\\\/#primaryimage\"},\"thumbnailUrl\":\"https:\\\/\\\/pen-greece.org\\\/wp-content\\\/uploads\\\/2025\\\/02\\\/mail.jpg\",\"datePublished\":\"2025-02-16T16:13:17+00:00\",\"dateModified\":\"2025-02-16T16:13:42+00:00\",\"breadcrumb\":{\"@id\":\"https:\\\/\\\/pen-greece.org\\\/en\\\/serbia-protect-journalists-amidst-nationwide-protests\\\/#breadcrumb\"},\"inLanguage\":\"en-US\",\"potentialAction\":[{\"@type\":\"ReadAction\",\"target\":[\"https:\\\/\\\/pen-greece.org\\\/en\\\/serbia-protect-journalists-amidst-nationwide-protests\\\/\"]}]},{\"@type\":\"ImageObject\",\"inLanguage\":\"en-US\",\"@id\":\"https:\\\/\\\/pen-greece.org\\\/en\\\/serbia-protect-journalists-amidst-nationwide-protests\\\/#primaryimage\",\"url\":\"https:\\\/\\\/pen-greece.org\\\/wp-content\\\/uploads\\\/2025\\\/02\\\/mail.jpg\",\"contentUrl\":\"https:\\\/\\\/pen-greece.org\\\/wp-content\\\/uploads\\\/2025\\\/02\\\/mail.jpg\",\"width\":1151,\"height\":667},{\"@type\":\"BreadcrumbList\",\"@id\":\"https:\\\/\\\/pen-greece.org\\\/en\\\/serbia-protect-journalists-amidst-nationwide-protests\\\/#breadcrumb\",\"itemListElement\":[{\"@type\":\"ListItem\",\"position\":1,\"name\":\"Home\",\"item\":\"https:\\\/\\\/pen-greece.org\\\/en\\\/\"},{\"@type\":\"ListItem\",\"position\":2,\"name\":\"Serbia: Protect journalists amidst nationwide protests\"}]},{\"@type\":\"WebSite\",\"@id\":\"https:\\\/\\\/pen-greece.org\\\/en\\\/#website\",\"url\":\"https:\\\/\\\/pen-greece.org\\\/en\\\/\",\"name\":\"PEN Greece\",\"description\":\"\u03a0\u0391\u039d\u0395\u039b\u039b\u0397\u039d\u0399\u039f \u03a3\u03a9\u039c\u0391\u03a4\u0395\u0399\u039f \u039b\u039f\u0393\u039f\u03a4\u0395\u03a7\u039d\u03a9\u039d \u039a\u0391\u0399 \u03a6\u0399\u039b\u03a9\u039d \u03a4\u0397\u03a3 \u039b\u039f\u0393\u039f\u03a4\u0395\u03a7\u039d\u0399\u0391\u03a3\",\"publisher\":{\"@id\":\"https:\\\/\\\/pen-greece.org\\\/en\\\/#organization\"},\"potentialAction\":[{\"@type\":\"SearchAction\",\"target\":{\"@type\":\"EntryPoint\",\"urlTemplate\":\"https:\\\/\\\/pen-greece.org\\\/en\\\/?s={search_term_string}\"},\"query-input\":{\"@type\":\"PropertyValueSpecification\",\"valueRequired\":true,\"valueName\":\"search_term_string\"}}],\"inLanguage\":\"en-US\"},{\"@type\":\"Organization\",\"@id\":\"https:\\\/\\\/pen-greece.org\\\/en\\\/#organization\",\"name\":\"PEN Greece\",\"url\":\"https:\\\/\\\/pen-greece.org\\\/en\\\/\",\"logo\":{\"@type\":\"ImageObject\",\"inLanguage\":\"en-US\",\"@id\":\"https:\\\/\\\/pen-greece.org\\\/en\\\/#\\\/schema\\\/logo\\\/image\\\/\",\"url\":\"https:\\\/\\\/pen-greece.org\\\/wp-content\\\/uploads\\\/2021\\\/10\\\/pen-greece-logo-1.jpg\",\"contentUrl\":\"https:\\\/\\\/pen-greece.org\\\/wp-content\\\/uploads\\\/2021\\\/10\\\/pen-greece-logo-1.jpg\",\"width\":994,\"height\":627,\"caption\":\"PEN Greece\"},\"image\":{\"@id\":\"https:\\\/\\\/pen-greece.org\\\/en\\\/#\\\/schema\\\/logo\\\/image\\\/\"},\"sameAs\":[\"https:\\\/\\\/www.facebook.com\\\/PENGREECE\",\"https:\\\/\\\/x.com\\\/PenGreece\",\"https:\\\/\\\/www.instagram.com\\\/pen_greece\\\/\",\"https:\\\/\\\/www.linkedin.com\\\/company\\\/pen-greece\\\/\",\"https:\\\/\\\/www.youtube.com\\\/channel\\\/UCZbfHhuxNWskHxOylyltfqQ\"]},{\"@type\":\"Person\",\"@id\":\"https:\\\/\\\/pen-greece.org\\\/en\\\/#\\\/schema\\\/person\\\/619d527cc731718fc6d0d0aaf1fa326c\",\"name\":\"PenGreece\",\"image\":{\"@type\":\"ImageObject\",\"inLanguage\":\"en-US\",\"@id\":\"https:\\\/\\\/pen-greece.org\\\/wp-content\\\/uploads\\\/2021\\\/10\\\/pen-greece-avatar-96x96.jpg\",\"url\":\"https:\\\/\\\/pen-greece.org\\\/wp-content\\\/uploads\\\/2021\\\/10\\\/pen-greece-avatar-96x96.jpg\",\"contentUrl\":\"https:\\\/\\\/pen-greece.org\\\/wp-content\\\/uploads\\\/2021\\\/10\\\/pen-greece-avatar-96x96.jpg\",\"caption\":\"PenGreece\"},\"description\":\"\u0395\u03c0\u03af\u03c3\u03b7\u03bc\u03bf \u03a0\u03b1\u03c1\u03ac\u03c1\u03c4\u03b7\u03bc\u03b1 \u03c4\u03bf\u03c5 PEN International \u03c3\u03c4\u03b7\u03bd \u0395\u03bb\u03bb\u03ac\u03b4\u03b1\",\"url\":\"https:\\\/\\\/pen-greece.org\\\/en\\\/author\\\/pengreece\\\/\"}]}<\/script>\n<!-- \/ Yoast SEO plugin. -->","yoast_head_json":{"title":"Serbia: Protect journalists amidst nationwide protests | P\u0395\u039d Greece","robots":{"index":"index","follow":"follow","max-snippet":"max-snippet:-1","max-image-preview":"max-image-preview:large","max-video-preview":"max-video-preview:-1"},"canonical":"https:\/\/pen-greece.org\/en\/serbia-protect-journalists-amidst-nationwide-protests\/","og_locale":"en_US","og_type":"article","og_title":"Serbia: Protect journalists amidst nationwide protests | P\u0395\u039d Greece","og_description":"\u201cOnce again, independent journalists seeking to inform on nationwide protests in Serbia are the target of the Serbian authorities as well as pro-government media and trolls, who not only prevent them from reporting but vilify them through hateful statements and manipulated videos. We stand with the courageous journalists of Serbia and urge the authorities to [...]","og_url":"https:\/\/pen-greece.org\/en\/serbia-protect-journalists-amidst-nationwide-protests\/","og_site_name":"P\u0395\u039d Greece","article_publisher":"https:\/\/www.facebook.com\/PENGREECE","article_published_time":"2025-02-16T16:13:17+00:00","article_modified_time":"2025-02-16T16:13:42+00:00","og_image":[{"width":1151,"height":667,"url":"https:\/\/pen-greece.org\/wp-content\/uploads\/2025\/02\/mail.jpg","type":"image\/jpeg"}],"author":"PenGreece","twitter_card":"summary_large_image","twitter_creator":"@PenGreece","twitter_site":"@PenGreece","twitter_misc":{"Written by":"PenGreece","Est. reading time":"3 minutes"},"schema":{"@context":"https:\/\/schema.org","@graph":[{"@type":"Article","@id":"https:\/\/pen-greece.org\/en\/serbia-protect-journalists-amidst-nationwide-protests\/#article","isPartOf":{"@id":"https:\/\/pen-greece.org\/en\/serbia-protect-journalists-amidst-nationwide-protests\/"},"author":{"name":"PenGreece","@id":"https:\/\/pen-greece.org\/en\/#\/schema\/person\/619d527cc731718fc6d0d0aaf1fa326c"},"headline":"Serbia: Protect journalists amidst nationwide protests","datePublished":"2025-02-16T16:13:17+00:00","dateModified":"2025-02-16T16:13:42+00:00","mainEntityOfPage":{"@id":"https:\/\/pen-greece.org\/en\/serbia-protect-journalists-amidst-nationwide-protests\/"},"wordCount":563,"publisher":{"@id":"https:\/\/pen-greece.org\/en\/#organization"},"image":{"@id":"https:\/\/pen-greece.org\/en\/serbia-protect-journalists-amidst-nationwide-protests\/#primaryimage"},"thumbnailUrl":"https:\/\/pen-greece.org\/wp-content\/uploads\/2025\/02\/mail.jpg","articleSection":["News"],"inLanguage":"en-US"},{"@type":"WebPage","@id":"https:\/\/pen-greece.org\/en\/serbia-protect-journalists-amidst-nationwide-protests\/","url":"https:\/\/pen-greece.org\/en\/serbia-protect-journalists-amidst-nationwide-protests\/","name":"Serbia: Protect journalists amidst nationwide protests | P\u0395\u039d Greece","isPartOf":{"@id":"https:\/\/pen-greece.org\/en\/#website"},"primaryImageOfPage":{"@id":"https:\/\/pen-greece.org\/en\/serbia-protect-journalists-amidst-nationwide-protests\/#primaryimage"},"image":{"@id":"https:\/\/pen-greece.org\/en\/serbia-protect-journalists-amidst-nationwide-protests\/#primaryimage"},"thumbnailUrl":"https:\/\/pen-greece.org\/wp-content\/uploads\/2025\/02\/mail.jpg","datePublished":"2025-02-16T16:13:17+00:00","dateModified":"2025-02-16T16:13:42+00:00","breadcrumb":{"@id":"https:\/\/pen-greece.org\/en\/serbia-protect-journalists-amidst-nationwide-protests\/#breadcrumb"},"inLanguage":"en-US","potentialAction":[{"@type":"ReadAction","target":["https:\/\/pen-greece.org\/en\/serbia-protect-journalists-amidst-nationwide-protests\/"]}]},{"@type":"ImageObject","inLanguage":"en-US","@id":"https:\/\/pen-greece.org\/en\/serbia-protect-journalists-amidst-nationwide-protests\/#primaryimage","url":"https:\/\/pen-greece.org\/wp-content\/uploads\/2025\/02\/mail.jpg","contentUrl":"https:\/\/pen-greece.org\/wp-content\/uploads\/2025\/02\/mail.jpg","width":1151,"height":667},{"@type":"BreadcrumbList","@id":"https:\/\/pen-greece.org\/en\/serbia-protect-journalists-amidst-nationwide-protests\/#breadcrumb","itemListElement":[{"@type":"ListItem","position":1,"name":"Home","item":"https:\/\/pen-greece.org\/en\/"},{"@type":"ListItem","position":2,"name":"Serbia: Protect journalists amidst nationwide protests"}]},{"@type":"WebSite","@id":"https:\/\/pen-greece.org\/en\/#website","url":"https:\/\/pen-greece.org\/en\/","name":"PEN Greece","description":"\u03a0\u0391\u039d\u0395\u039b\u039b\u0397\u039d\u0399\u039f \u03a3\u03a9\u039c\u0391\u03a4\u0395\u0399\u039f \u039b\u039f\u0393\u039f\u03a4\u0395\u03a7\u039d\u03a9\u039d \u039a\u0391\u0399 \u03a6\u0399\u039b\u03a9\u039d \u03a4\u0397\u03a3 \u039b\u039f\u0393\u039f\u03a4\u0395\u03a7\u039d\u0399\u0391\u03a3","publisher":{"@id":"https:\/\/pen-greece.org\/en\/#organization"},"potentialAction":[{"@type":"SearchAction","target":{"@type":"EntryPoint","urlTemplate":"https:\/\/pen-greece.org\/en\/?s={search_term_string}"},"query-input":{"@type":"PropertyValueSpecification","valueRequired":true,"valueName":"search_term_string"}}],"inLanguage":"en-US"},{"@type":"Organization","@id":"https:\/\/pen-greece.org\/en\/#organization","name":"PEN Greece","url":"https:\/\/pen-greece.org\/en\/","logo":{"@type":"ImageObject","inLanguage":"en-US","@id":"https:\/\/pen-greece.org\/en\/#\/schema\/logo\/image\/","url":"https:\/\/pen-greece.org\/wp-content\/uploads\/2021\/10\/pen-greece-logo-1.jpg","contentUrl":"https:\/\/pen-greece.org\/wp-content\/uploads\/2021\/10\/pen-greece-logo-1.jpg","width":994,"height":627,"caption":"PEN Greece"},"image":{"@id":"https:\/\/pen-greece.org\/en\/#\/schema\/logo\/image\/"},"sameAs":["https:\/\/www.facebook.com\/PENGREECE","https:\/\/x.com\/PenGreece","https:\/\/www.instagram.com\/pen_greece\/","https:\/\/www.linkedin.com\/company\/pen-greece\/","https:\/\/www.youtube.com\/channel\/UCZbfHhuxNWskHxOylyltfqQ"]},{"@type":"Person","@id":"https:\/\/pen-greece.org\/en\/#\/schema\/person\/619d527cc731718fc6d0d0aaf1fa326c","name":"PenGreece","image":{"@type":"ImageObject","inLanguage":"en-US","@id":"https:\/\/pen-greece.org\/wp-content\/uploads\/2021\/10\/pen-greece-avatar-96x96.jpg","url":"https:\/\/pen-greece.org\/wp-content\/uploads\/2021\/10\/pen-greece-avatar-96x96.jpg","contentUrl":"https:\/\/pen-greece.org\/wp-content\/uploads\/2021\/10\/pen-greece-avatar-96x96.jpg","caption":"PenGreece"},"description":"\u0395\u03c0\u03af\u03c3\u03b7\u03bc\u03bf \u03a0\u03b1\u03c1\u03ac\u03c1\u03c4\u03b7\u03bc\u03b1 \u03c4\u03bf\u03c5 PEN International \u03c3\u03c4\u03b7\u03bd \u0395\u03bb\u03bb\u03ac\u03b4\u03b1","url":"https:\/\/pen-greece.org\/en\/author\/pengreece\/"}]}},"_links":{"self":[{"href":"https:\/\/pen-greece.org\/en\/wp-json\/wp\/v2\/posts\/5593","targetHints":{"allow":["GET"]}}],"collection":[{"href":"https:\/\/pen-greece.org\/en\/wp-json\/wp\/v2\/posts"}],"about":[{"href":"https:\/\/pen-greece.org\/en\/wp-json\/wp\/v2\/types\/post"}],"author":[{"embeddable":true,"href":"https:\/\/pen-greece.org\/en\/wp-json\/wp\/v2\/users\/2"}],"replies":[{"embeddable":true,"href":"https:\/\/pen-greece.org\/en\/wp-json\/wp\/v2\/comments?post=5593"}],"version-history":[{"count":1,"href":"https:\/\/pen-greece.org\/en\/wp-json\/wp\/v2\/posts\/5593\/revisions"}],"predecessor-version":[{"id":5594,"href":"https:\/\/pen-greece.org\/en\/wp-json\/wp\/v2\/posts\/5593\/revisions\/5594"}],"wp:featuredmedia":[{"embeddable":true,"href":"https:\/\/pen-greece.org\/en\/wp-json\/wp\/v2\/media\/5589"}],"wp:attachment":[{"href":"https:\/\/pen-greece.org\/en\/wp-json\/wp\/v2\/media?parent=5593"}],"wp:term":[{"taxonomy":"category","embeddable":true,"href":"https:\/\/pen-greece.org\/en\/wp-json\/wp\/v2\/categories?post=5593"},{"taxonomy":"post_tag","embeddable":true,"href":"https:\/\/pen-greece.org\/en\/wp-json\/wp\/v2\/tags?post=5593"}],"curies":[{"name":"wp","href":"https:\/\/api.w.org\/{rel}","templated":true}]}}