{"id":5691,"date":"2025-03-26T14:42:39","date_gmt":"2025-03-26T12:42:39","guid":{"rendered":"https:\/\/pen-greece.org\/?p=5691"},"modified":"2025-03-26T14:42:39","modified_gmt":"2025-03-26T12:42:39","slug":"pen-international-turkiye-alarming-crackdown-on-peaceful-expression-condemned","status":"publish","type":"post","link":"https:\/\/pen-greece.org\/en\/pen-international-turkiye-alarming-crackdown-on-peaceful-expression-condemned\/","title":{"rendered":"PEN INTERNATIONAL\/ T\u00fcrkiye: Alarming crackdown on peaceful expression condemned"},"content":{"rendered":"<p>Protests by university students in front of <a href=\"https:\/\/en.wikipedia.org\/wiki\/Beyaz%C4%B1t_Square\">Beyaz\u0131t Square<\/a> <a href=\"https:\/\/en.wikipedia.org\/wiki\/Beyaz%C4%B1t_Square\">in Istanbul<\/a>.<br \/>\n<a href=\"https:\/\/en.wikipedia.org\/wiki\/Beyaz%C4%B1t_Square\">B<\/a><a href=\"https:\/\/en.wikipedia.org\/wiki\/Istanbul\">y Mellon<\/a>sapka &#8211; Own work, CC BY 4.0, <a href=\"https:\/\/commons.wikimedia.org\/w\/index.php?curid=162608680\">https:\/\/commons.wikimedia.org\/w\/index.php?curid=162608680<\/a><\/p>\n<p class=\"preFade fadeIn\"><strong><em>\u201cPEN International condemns the brutal onslaught on peaceful expression unleashed by the authorities of T\u00fcrkiye, who continue to show their utter contempt for the rule of law and long-standing determination to silence peaceful dissent. All those held solely for exercising their rights to peaceful expression and assembly must be released. The ever-growing roll back on fundamental rights in the country must end at once.\u201d <\/em>Burhan Sonmez, PEN International President. <\/strong><\/p>\n<p class=\"preFade fadeIn\"><strong>24 March 2025: The authorities of T\u00fcrkiye must urgently uphold the rights to freedom of expression, information and peaceful protest, PEN International said today, amidst a mounting crackdown on independent voices, targeting writers, journalists, lawyers and opposition figures. <\/strong><\/p>\n<p class=\"preFade fadeIn\"><strong>\u00a0<\/strong>On 19 March 2025, over 100 people, including Istanbul\u2019s mayor Ekrem \u0130mamo\u011flu, were detained on alleged \u2018corruption\u2019 and \u2018terrorism\u2019 grounds, in a move widely seen as <a href=\"https:\/\/www.hrw.org\/news\/2025\/03\/19\/turkiye-istanbul-mayor-detained\">politically motivated<\/a>. Massive <a href=\"https:\/\/www.bbc.co.uk\/news\/articles\/c0egjvj8vdro\">protests<\/a> have since erupted in Istanbul \u2013 defying a <a href=\"https:\/\/bianet.org\/haber\/istanbul-governor-restricts-entries-to-city-extends-demonstration-ban-as-protests-continue-305741#google_vignette\">ban<\/a> on all public demonstrations \u2013 and across the country. The authorities <a href=\"https:\/\/bianet.org\/haber\/turkey-lifts-social-media-restrictions-after-istanbul-mayors-arrest-while-dozens-detained-over-posts-305666\">temporarily restricted<\/a> access to social media and messaging platforms in a bid to suppress access to information, and <a href=\"https:\/\/www.theguardian.com\/world\/2025\/mar\/24\/journalists-among-more-than-1100-arrested-in-turkey-crackdown-istanbul\">urged<\/a> X to block access to hundreds of accounts. Journalists who covered the protests reported being subject to <a href=\"https:\/\/www.mlsaturkey.com\/tr\/sarachanede-gazetecilere-darp-basin-mensuplari-hedef-alindi\">police violence<\/a>. At least ten media workers were <a href=\"https:\/\/www.mlsaturkey.com\/en\/number-of-journalists-detained-over-sarachane-protests-rises-to-10\">detained<\/a> in morning raids in Istanbul and Izmir on 24 March, as the authorities\u2019 onslaught on fundamental rights intensified.<\/p>\n<p class=\"preFade fadeIn\">\u0130mamo\u011flu\u2019s arrest came in the wake of a mounting crackdown on independent voices in T\u00fcrkiye in recent months. Already in February 2025, PEN International joined partners in expressing <a href=\"https:\/\/www.pen-international.org\/news\/trkiye-surge-in-press-freedom-violations-condemned\">serious concerns<\/a> over a surge in press freedom violations, including the growing use of arbitrary arrests, detentions and judicial control measures against journalists. That same month, almost 300 people were <a href=\"https:\/\/www.middleeasteye.net\/news\/mass-detention-leftist-pro-kurdish-and-lbgtq-journalists-turkey\">detained<\/a> in police raids across the country \u00a0\u2013 including writers, journalists and artists \u2013 on alleged ties to the outlawed Kurdistan Workers\u2019 Party (PKK). On 5 March, writers and Kurdish PEN members Mevl\u00fct Ayko\u00e7, Sami Tan and Ronah\u00ee \u00d6nen were <a href=\"https:\/\/www.gazeteduvar.com.tr\/kurt-yazarlar-mevlut-aykoc-sami-tan-ve-ronayi-onen-gozaltina-alindi-haber-1761879\">detained<\/a> in coordinated raids in Istanbul, Urfa and Diyarbak\u0131r, ostensibly for publishing teaching material in Kurdish. All three were subsequently released, though the case against them continues.<\/p>\n<p class=\"preFade fadeIn\">Meanwhile, the authorities continue to undermine the independence and impartiality of the judiciary, and notably launched <a href=\"https:\/\/www.ibanet.org\/document?id=IBAHRI-joint-statement-Istanbul-Bar-Association-Jan2025\">criminal proceedings<\/a> against the Istanbul Bar Association after it calls for an investigation into the December 2024 killing of Kurdish journalists Naz\u0131m Da\u015ftan and C\u00eehan Bilgin in north-east Syria. On 21 March 2025, a court <a href=\"https:\/\/www.mlsaturkey.com\/en\/istanbul-court-removes-bar-association-leadership-amid-protests-by-lawyers\">ordered<\/a> that the president and executive board of the Istanbul Bar Association be dismissed as part of the criminal probe.<\/p>\n<p class=\"preFade fadeIn\">According to the Ministry of Interior of T\u00fcrkiye, 1,133 people have been <a href=\"https:\/\/www.theguardian.com\/world\/2025\/mar\/24\/journalists-among-more-than-1100-arrested-in-turkey-crackdown-istanbul\">detained<\/a> since 19 March. As protests continue to sweep through T\u00fcrkiye, PEN International calls upon the authorities to abide by their national and international organisations and to urgently uphold fundamental rights. The criminal justice system must not be used to target and harass dissenting views.<\/p>\n","protected":false},"excerpt":{"rendered":"<p>Protests by university students in front of Beyaz\u0131t Square in Istanbul. By Mellonsapka &#8211; Own work, CC BY 4.0, https:\/\/commons.wikimedia.org\/w\/index.php?curid=162608680 \u201cPEN International condemns the brutal onslaught on peaceful expression unleashed by the authorities of T\u00fcrkiye, who continue to show their utter contempt for the rule of law and long-standing determination to silence peaceful dissent. All [&#8230;]\n","protected":false},"author":2,"featured_media":5688,"comment_status":"closed","ping_status":"closed","sticky":false,"template":"","format":"standard","meta":{"footnotes":""},"categories":[21],"tags":[],"class_list":["post-5691","post","type-post","status-publish","format-standard","has-post-thumbnail","hentry","category-news"],"yoast_head":"<!-- This site is optimized with the Yoast SEO plugin v27.5 - https:\/\/yoast.com\/product\/yoast-seo-wordpress\/ -->\n<title>PEN INTERNATIONAL\/ T\u00fcrkiye: Alarming crackdown on peaceful expression condemned | P\u0395\u039d Greece<\/title>\n<meta name=\"robots\" content=\"index, follow, max-snippet:-1, max-image-preview:large, max-video-preview:-1\" \/>\n<link rel=\"canonical\" href=\"https:\/\/pen-greece.org\/en\/pen-international-turkiye-alarming-crackdown-on-peaceful-expression-condemned\/\" \/>\n<meta property=\"og:locale\" content=\"en_US\" \/>\n<meta property=\"og:type\" content=\"article\" \/>\n<meta property=\"og:title\" content=\"PEN INTERNATIONAL\/ T\u00fcrkiye: Alarming crackdown on peaceful expression condemned | P\u0395\u039d Greece\" \/>\n<meta property=\"og:description\" content=\"Protests by university students in front of Beyaz\u0131t Square in Istanbul. By Mellonsapka &#8211; Own work, CC BY 4.0, https:\/\/commons.wikimedia.org\/w\/index.php?curid=162608680 \u201cPEN International condemns the brutal onslaught on peaceful expression unleashed by the authorities of T\u00fcrkiye, who continue to show their utter contempt for the rule of law and long-standing determination to silence peaceful dissent. All [...]\" \/>\n<meta property=\"og:url\" content=\"https:\/\/pen-greece.org\/en\/pen-international-turkiye-alarming-crackdown-on-peaceful-expression-condemned\/\" \/>\n<meta property=\"og:site_name\" content=\"P\u0395\u039d Greece\" \/>\n<meta property=\"article:publisher\" content=\"https:\/\/www.facebook.com\/PENGREECE\" \/>\n<meta property=\"article:published_time\" content=\"2025-03-26T12:42:39+00:00\" \/>\n<meta property=\"og:image\" content=\"https:\/\/pen-greece.org\/wp-content\/uploads\/2025\/03\/\u03c4\u03bf\u03c5\u03c1\u03ba\u03b9\u03b1-1024x767.png\" \/>\n\t<meta property=\"og:image:width\" content=\"1024\" \/>\n\t<meta property=\"og:image:height\" content=\"767\" \/>\n\t<meta property=\"og:image:type\" content=\"image\/png\" \/>\n<meta name=\"author\" content=\"PenGreece\" \/>\n<meta name=\"twitter:card\" content=\"summary_large_image\" \/>\n<meta name=\"twitter:creator\" content=\"@PenGreece\" \/>\n<meta name=\"twitter:site\" content=\"@PenGreece\" \/>\n<meta name=\"twitter:label1\" content=\"Written by\" \/>\n\t<meta name=\"twitter:data1\" content=\"PenGreece\" \/>\n\t<meta name=\"twitter:label2\" content=\"Est. reading time\" \/>\n\t<meta name=\"twitter:data2\" content=\"3 minutes\" \/>\n<script type=\"application\/ld+json\" class=\"yoast-schema-graph\">{\"@context\":\"https:\\\/\\\/schema.org\",\"@graph\":[{\"@type\":\"Article\",\"@id\":\"https:\\\/\\\/pen-greece.org\\\/en\\\/pen-international-turkiye-alarming-crackdown-on-peaceful-expression-condemned\\\/#article\",\"isPartOf\":{\"@id\":\"https:\\\/\\\/pen-greece.org\\\/en\\\/pen-international-turkiye-alarming-crackdown-on-peaceful-expression-condemned\\\/\"},\"author\":{\"name\":\"PenGreece\",\"@id\":\"https:\\\/\\\/pen-greece.org\\\/en\\\/#\\\/schema\\\/person\\\/619d527cc731718fc6d0d0aaf1fa326c\"},\"headline\":\"PEN INTERNATIONAL\\\/ T\u00fcrkiye: Alarming crackdown on peaceful expression condemned\",\"datePublished\":\"2025-03-26T12:42:39+00:00\",\"mainEntityOfPage\":{\"@id\":\"https:\\\/\\\/pen-greece.org\\\/en\\\/pen-international-turkiye-alarming-crackdown-on-peaceful-expression-condemned\\\/\"},\"wordCount\":507,\"publisher\":{\"@id\":\"https:\\\/\\\/pen-greece.org\\\/en\\\/#organization\"},\"image\":{\"@id\":\"https:\\\/\\\/pen-greece.org\\\/en\\\/pen-international-turkiye-alarming-crackdown-on-peaceful-expression-condemned\\\/#primaryimage\"},\"thumbnailUrl\":\"https:\\\/\\\/pen-greece.org\\\/wp-content\\\/uploads\\\/2025\\\/03\\\/\u03c4\u03bf\u03c5\u03c1\u03ba\u03b9\u03b1.png\",\"articleSection\":[\"News\"],\"inLanguage\":\"en-US\"},{\"@type\":\"WebPage\",\"@id\":\"https:\\\/\\\/pen-greece.org\\\/en\\\/pen-international-turkiye-alarming-crackdown-on-peaceful-expression-condemned\\\/\",\"url\":\"https:\\\/\\\/pen-greece.org\\\/en\\\/pen-international-turkiye-alarming-crackdown-on-peaceful-expression-condemned\\\/\",\"name\":\"PEN INTERNATIONAL\\\/ T\u00fcrkiye: Alarming crackdown on peaceful expression condemned | P\u0395\u039d Greece\",\"isPartOf\":{\"@id\":\"https:\\\/\\\/pen-greece.org\\\/en\\\/#website\"},\"primaryImageOfPage\":{\"@id\":\"https:\\\/\\\/pen-greece.org\\\/en\\\/pen-international-turkiye-alarming-crackdown-on-peaceful-expression-condemned\\\/#primaryimage\"},\"image\":{\"@id\":\"https:\\\/\\\/pen-greece.org\\\/en\\\/pen-international-turkiye-alarming-crackdown-on-peaceful-expression-condemned\\\/#primaryimage\"},\"thumbnailUrl\":\"https:\\\/\\\/pen-greece.org\\\/wp-content\\\/uploads\\\/2025\\\/03\\\/\u03c4\u03bf\u03c5\u03c1\u03ba\u03b9\u03b1.png\",\"datePublished\":\"2025-03-26T12:42:39+00:00\",\"breadcrumb\":{\"@id\":\"https:\\\/\\\/pen-greece.org\\\/en\\\/pen-international-turkiye-alarming-crackdown-on-peaceful-expression-condemned\\\/#breadcrumb\"},\"inLanguage\":\"en-US\",\"potentialAction\":[{\"@type\":\"ReadAction\",\"target\":[\"https:\\\/\\\/pen-greece.org\\\/en\\\/pen-international-turkiye-alarming-crackdown-on-peaceful-expression-condemned\\\/\"]}]},{\"@type\":\"ImageObject\",\"inLanguage\":\"en-US\",\"@id\":\"https:\\\/\\\/pen-greece.org\\\/en\\\/pen-international-turkiye-alarming-crackdown-on-peaceful-expression-condemned\\\/#primaryimage\",\"url\":\"https:\\\/\\\/pen-greece.org\\\/wp-content\\\/uploads\\\/2025\\\/03\\\/\u03c4\u03bf\u03c5\u03c1\u03ba\u03b9\u03b1.png\",\"contentUrl\":\"https:\\\/\\\/pen-greece.org\\\/wp-content\\\/uploads\\\/2025\\\/03\\\/\u03c4\u03bf\u03c5\u03c1\u03ba\u03b9\u03b1.png\",\"width\":1379,\"height\":1033},{\"@type\":\"BreadcrumbList\",\"@id\":\"https:\\\/\\\/pen-greece.org\\\/en\\\/pen-international-turkiye-alarming-crackdown-on-peaceful-expression-condemned\\\/#breadcrumb\",\"itemListElement\":[{\"@type\":\"ListItem\",\"position\":1,\"name\":\"Home\",\"item\":\"https:\\\/\\\/pen-greece.org\\\/en\\\/\"},{\"@type\":\"ListItem\",\"position\":2,\"name\":\"PEN INTERNATIONAL\\\/ T\u00fcrkiye: Alarming crackdown on peaceful expression condemned\"}]},{\"@type\":\"WebSite\",\"@id\":\"https:\\\/\\\/pen-greece.org\\\/en\\\/#website\",\"url\":\"https:\\\/\\\/pen-greece.org\\\/en\\\/\",\"name\":\"PEN Greece\",\"description\":\"\u03a0\u0391\u039d\u0395\u039b\u039b\u0397\u039d\u0399\u039f \u03a3\u03a9\u039c\u0391\u03a4\u0395\u0399\u039f \u039b\u039f\u0393\u039f\u03a4\u0395\u03a7\u039d\u03a9\u039d \u039a\u0391\u0399 \u03a6\u0399\u039b\u03a9\u039d \u03a4\u0397\u03a3 \u039b\u039f\u0393\u039f\u03a4\u0395\u03a7\u039d\u0399\u0391\u03a3\",\"publisher\":{\"@id\":\"https:\\\/\\\/pen-greece.org\\\/en\\\/#organization\"},\"potentialAction\":[{\"@type\":\"SearchAction\",\"target\":{\"@type\":\"EntryPoint\",\"urlTemplate\":\"https:\\\/\\\/pen-greece.org\\\/en\\\/?s={search_term_string}\"},\"query-input\":{\"@type\":\"PropertyValueSpecification\",\"valueRequired\":true,\"valueName\":\"search_term_string\"}}],\"inLanguage\":\"en-US\"},{\"@type\":\"Organization\",\"@id\":\"https:\\\/\\\/pen-greece.org\\\/en\\\/#organization\",\"name\":\"PEN Greece\",\"url\":\"https:\\\/\\\/pen-greece.org\\\/en\\\/\",\"logo\":{\"@type\":\"ImageObject\",\"inLanguage\":\"en-US\",\"@id\":\"https:\\\/\\\/pen-greece.org\\\/en\\\/#\\\/schema\\\/logo\\\/image\\\/\",\"url\":\"https:\\\/\\\/pen-greece.org\\\/wp-content\\\/uploads\\\/2021\\\/10\\\/pen-greece-logo-1.jpg\",\"contentUrl\":\"https:\\\/\\\/pen-greece.org\\\/wp-content\\\/uploads\\\/2021\\\/10\\\/pen-greece-logo-1.jpg\",\"width\":994,\"height\":627,\"caption\":\"PEN Greece\"},\"image\":{\"@id\":\"https:\\\/\\\/pen-greece.org\\\/en\\\/#\\\/schema\\\/logo\\\/image\\\/\"},\"sameAs\":[\"https:\\\/\\\/www.facebook.com\\\/PENGREECE\",\"https:\\\/\\\/x.com\\\/PenGreece\",\"https:\\\/\\\/www.instagram.com\\\/pen_greece\\\/\",\"https:\\\/\\\/www.linkedin.com\\\/company\\\/pen-greece\\\/\",\"https:\\\/\\\/www.youtube.com\\\/channel\\\/UCZbfHhuxNWskHxOylyltfqQ\"]},{\"@type\":\"Person\",\"@id\":\"https:\\\/\\\/pen-greece.org\\\/en\\\/#\\\/schema\\\/person\\\/619d527cc731718fc6d0d0aaf1fa326c\",\"name\":\"PenGreece\",\"image\":{\"@type\":\"ImageObject\",\"inLanguage\":\"en-US\",\"@id\":\"https:\\\/\\\/pen-greece.org\\\/wp-content\\\/uploads\\\/2021\\\/10\\\/pen-greece-avatar-96x96.jpg\",\"url\":\"https:\\\/\\\/pen-greece.org\\\/wp-content\\\/uploads\\\/2021\\\/10\\\/pen-greece-avatar-96x96.jpg\",\"contentUrl\":\"https:\\\/\\\/pen-greece.org\\\/wp-content\\\/uploads\\\/2021\\\/10\\\/pen-greece-avatar-96x96.jpg\",\"caption\":\"PenGreece\"},\"description\":\"\u0395\u03c0\u03af\u03c3\u03b7\u03bc\u03bf \u03a0\u03b1\u03c1\u03ac\u03c1\u03c4\u03b7\u03bc\u03b1 \u03c4\u03bf\u03c5 PEN International \u03c3\u03c4\u03b7\u03bd \u0395\u03bb\u03bb\u03ac\u03b4\u03b1\",\"url\":\"https:\\\/\\\/pen-greece.org\\\/en\\\/author\\\/pengreece\\\/\"}]}<\/script>\n<!-- \/ Yoast SEO plugin. -->","yoast_head_json":{"title":"PEN INTERNATIONAL\/ T\u00fcrkiye: Alarming crackdown on peaceful expression condemned | P\u0395\u039d Greece","robots":{"index":"index","follow":"follow","max-snippet":"max-snippet:-1","max-image-preview":"max-image-preview:large","max-video-preview":"max-video-preview:-1"},"canonical":"https:\/\/pen-greece.org\/en\/pen-international-turkiye-alarming-crackdown-on-peaceful-expression-condemned\/","og_locale":"en_US","og_type":"article","og_title":"PEN INTERNATIONAL\/ T\u00fcrkiye: Alarming crackdown on peaceful expression condemned | P\u0395\u039d Greece","og_description":"Protests by university students in front of Beyaz\u0131t Square in Istanbul. By Mellonsapka &#8211; Own work, CC BY 4.0, https:\/\/commons.wikimedia.org\/w\/index.php?curid=162608680 \u201cPEN International condemns the brutal onslaught on peaceful expression unleashed by the authorities of T\u00fcrkiye, who continue to show their utter contempt for the rule of law and long-standing determination to silence peaceful dissent. All [...]","og_url":"https:\/\/pen-greece.org\/en\/pen-international-turkiye-alarming-crackdown-on-peaceful-expression-condemned\/","og_site_name":"P\u0395\u039d Greece","article_publisher":"https:\/\/www.facebook.com\/PENGREECE","article_published_time":"2025-03-26T12:42:39+00:00","og_image":[{"width":1024,"height":767,"url":"https:\/\/pen-greece.org\/wp-content\/uploads\/2025\/03\/\u03c4\u03bf\u03c5\u03c1\u03ba\u03b9\u03b1-1024x767.png","type":"image\/png"}],"author":"PenGreece","twitter_card":"summary_large_image","twitter_creator":"@PenGreece","twitter_site":"@PenGreece","twitter_misc":{"Written by":"PenGreece","Est. reading time":"3 minutes"},"schema":{"@context":"https:\/\/schema.org","@graph":[{"@type":"Article","@id":"https:\/\/pen-greece.org\/en\/pen-international-turkiye-alarming-crackdown-on-peaceful-expression-condemned\/#article","isPartOf":{"@id":"https:\/\/pen-greece.org\/en\/pen-international-turkiye-alarming-crackdown-on-peaceful-expression-condemned\/"},"author":{"name":"PenGreece","@id":"https:\/\/pen-greece.org\/en\/#\/schema\/person\/619d527cc731718fc6d0d0aaf1fa326c"},"headline":"PEN INTERNATIONAL\/ T\u00fcrkiye: Alarming crackdown on peaceful expression condemned","datePublished":"2025-03-26T12:42:39+00:00","mainEntityOfPage":{"@id":"https:\/\/pen-greece.org\/en\/pen-international-turkiye-alarming-crackdown-on-peaceful-expression-condemned\/"},"wordCount":507,"publisher":{"@id":"https:\/\/pen-greece.org\/en\/#organization"},"image":{"@id":"https:\/\/pen-greece.org\/en\/pen-international-turkiye-alarming-crackdown-on-peaceful-expression-condemned\/#primaryimage"},"thumbnailUrl":"https:\/\/pen-greece.org\/wp-content\/uploads\/2025\/03\/\u03c4\u03bf\u03c5\u03c1\u03ba\u03b9\u03b1.png","articleSection":["News"],"inLanguage":"en-US"},{"@type":"WebPage","@id":"https:\/\/pen-greece.org\/en\/pen-international-turkiye-alarming-crackdown-on-peaceful-expression-condemned\/","url":"https:\/\/pen-greece.org\/en\/pen-international-turkiye-alarming-crackdown-on-peaceful-expression-condemned\/","name":"PEN INTERNATIONAL\/ T\u00fcrkiye: Alarming crackdown on peaceful expression condemned | P\u0395\u039d Greece","isPartOf":{"@id":"https:\/\/pen-greece.org\/en\/#website"},"primaryImageOfPage":{"@id":"https:\/\/pen-greece.org\/en\/pen-international-turkiye-alarming-crackdown-on-peaceful-expression-condemned\/#primaryimage"},"image":{"@id":"https:\/\/pen-greece.org\/en\/pen-international-turkiye-alarming-crackdown-on-peaceful-expression-condemned\/#primaryimage"},"thumbnailUrl":"https:\/\/pen-greece.org\/wp-content\/uploads\/2025\/03\/\u03c4\u03bf\u03c5\u03c1\u03ba\u03b9\u03b1.png","datePublished":"2025-03-26T12:42:39+00:00","breadcrumb":{"@id":"https:\/\/pen-greece.org\/en\/pen-international-turkiye-alarming-crackdown-on-peaceful-expression-condemned\/#breadcrumb"},"inLanguage":"en-US","potentialAction":[{"@type":"ReadAction","target":["https:\/\/pen-greece.org\/en\/pen-international-turkiye-alarming-crackdown-on-peaceful-expression-condemned\/"]}]},{"@type":"ImageObject","inLanguage":"en-US","@id":"https:\/\/pen-greece.org\/en\/pen-international-turkiye-alarming-crackdown-on-peaceful-expression-condemned\/#primaryimage","url":"https:\/\/pen-greece.org\/wp-content\/uploads\/2025\/03\/\u03c4\u03bf\u03c5\u03c1\u03ba\u03b9\u03b1.png","contentUrl":"https:\/\/pen-greece.org\/wp-content\/uploads\/2025\/03\/\u03c4\u03bf\u03c5\u03c1\u03ba\u03b9\u03b1.png","width":1379,"height":1033},{"@type":"BreadcrumbList","@id":"https:\/\/pen-greece.org\/en\/pen-international-turkiye-alarming-crackdown-on-peaceful-expression-condemned\/#breadcrumb","itemListElement":[{"@type":"ListItem","position":1,"name":"Home","item":"https:\/\/pen-greece.org\/en\/"},{"@type":"ListItem","position":2,"name":"PEN INTERNATIONAL\/ T\u00fcrkiye: Alarming crackdown on peaceful expression condemned"}]},{"@type":"WebSite","@id":"https:\/\/pen-greece.org\/en\/#website","url":"https:\/\/pen-greece.org\/en\/","name":"PEN Greece","description":"\u03a0\u0391\u039d\u0395\u039b\u039b\u0397\u039d\u0399\u039f \u03a3\u03a9\u039c\u0391\u03a4\u0395\u0399\u039f \u039b\u039f\u0393\u039f\u03a4\u0395\u03a7\u039d\u03a9\u039d \u039a\u0391\u0399 \u03a6\u0399\u039b\u03a9\u039d \u03a4\u0397\u03a3 \u039b\u039f\u0393\u039f\u03a4\u0395\u03a7\u039d\u0399\u0391\u03a3","publisher":{"@id":"https:\/\/pen-greece.org\/en\/#organization"},"potentialAction":[{"@type":"SearchAction","target":{"@type":"EntryPoint","urlTemplate":"https:\/\/pen-greece.org\/en\/?s={search_term_string}"},"query-input":{"@type":"PropertyValueSpecification","valueRequired":true,"valueName":"search_term_string"}}],"inLanguage":"en-US"},{"@type":"Organization","@id":"https:\/\/pen-greece.org\/en\/#organization","name":"PEN Greece","url":"https:\/\/pen-greece.org\/en\/","logo":{"@type":"ImageObject","inLanguage":"en-US","@id":"https:\/\/pen-greece.org\/en\/#\/schema\/logo\/image\/","url":"https:\/\/pen-greece.org\/wp-content\/uploads\/2021\/10\/pen-greece-logo-1.jpg","contentUrl":"https:\/\/pen-greece.org\/wp-content\/uploads\/2021\/10\/pen-greece-logo-1.jpg","width":994,"height":627,"caption":"PEN Greece"},"image":{"@id":"https:\/\/pen-greece.org\/en\/#\/schema\/logo\/image\/"},"sameAs":["https:\/\/www.facebook.com\/PENGREECE","https:\/\/x.com\/PenGreece","https:\/\/www.instagram.com\/pen_greece\/","https:\/\/www.linkedin.com\/company\/pen-greece\/","https:\/\/www.youtube.com\/channel\/UCZbfHhuxNWskHxOylyltfqQ"]},{"@type":"Person","@id":"https:\/\/pen-greece.org\/en\/#\/schema\/person\/619d527cc731718fc6d0d0aaf1fa326c","name":"PenGreece","image":{"@type":"ImageObject","inLanguage":"en-US","@id":"https:\/\/pen-greece.org\/wp-content\/uploads\/2021\/10\/pen-greece-avatar-96x96.jpg","url":"https:\/\/pen-greece.org\/wp-content\/uploads\/2021\/10\/pen-greece-avatar-96x96.jpg","contentUrl":"https:\/\/pen-greece.org\/wp-content\/uploads\/2021\/10\/pen-greece-avatar-96x96.jpg","caption":"PenGreece"},"description":"\u0395\u03c0\u03af\u03c3\u03b7\u03bc\u03bf \u03a0\u03b1\u03c1\u03ac\u03c1\u03c4\u03b7\u03bc\u03b1 \u03c4\u03bf\u03c5 PEN International \u03c3\u03c4\u03b7\u03bd \u0395\u03bb\u03bb\u03ac\u03b4\u03b1","url":"https:\/\/pen-greece.org\/en\/author\/pengreece\/"}]}},"_links":{"self":[{"href":"https:\/\/pen-greece.org\/en\/wp-json\/wp\/v2\/posts\/5691","targetHints":{"allow":["GET"]}}],"collection":[{"href":"https:\/\/pen-greece.org\/en\/wp-json\/wp\/v2\/posts"}],"about":[{"href":"https:\/\/pen-greece.org\/en\/wp-json\/wp\/v2\/types\/post"}],"author":[{"embeddable":true,"href":"https:\/\/pen-greece.org\/en\/wp-json\/wp\/v2\/users\/2"}],"replies":[{"embeddable":true,"href":"https:\/\/pen-greece.org\/en\/wp-json\/wp\/v2\/comments?post=5691"}],"version-history":[{"count":2,"href":"https:\/\/pen-greece.org\/en\/wp-json\/wp\/v2\/posts\/5691\/revisions"}],"predecessor-version":[{"id":5693,"href":"https:\/\/pen-greece.org\/en\/wp-json\/wp\/v2\/posts\/5691\/revisions\/5693"}],"wp:featuredmedia":[{"embeddable":true,"href":"https:\/\/pen-greece.org\/en\/wp-json\/wp\/v2\/media\/5688"}],"wp:attachment":[{"href":"https:\/\/pen-greece.org\/en\/wp-json\/wp\/v2\/media?parent=5691"}],"wp:term":[{"taxonomy":"category","embeddable":true,"href":"https:\/\/pen-greece.org\/en\/wp-json\/wp\/v2\/categories?post=5691"},{"taxonomy":"post_tag","embeddable":true,"href":"https:\/\/pen-greece.org\/en\/wp-json\/wp\/v2\/tags?post=5691"}],"curies":[{"name":"wp","href":"https:\/\/api.w.org\/{rel}","templated":true}]}}