{"id":5840,"date":"2025-04-23T20:25:54","date_gmt":"2025-04-23T17:25:54","guid":{"rendered":"https:\/\/pen-greece.org\/?p=5840"},"modified":"2025-04-23T20:25:54","modified_gmt":"2025-04-23T17:25:54","slug":"pen-international-calls-for-an-end-to-book-bans-on-world-book-day-2025","status":"publish","type":"post","link":"https:\/\/pen-greece.org\/en\/pen-international-calls-for-an-end-to-book-bans-on-world-book-day-2025\/","title":{"rendered":"PEN International calls for an end to book bans on World Book Day 2025"},"content":{"rendered":"<div id=\"block-63936700473873823a03\" class=\"sqs-block html-block sqs-block-html\" data-block-type=\"2\" data-border-radii=\"{&quot;topLeft&quot;:{&quot;unit&quot;:&quot;px&quot;,&quot;value&quot;:0.0},&quot;topRight&quot;:{&quot;unit&quot;:&quot;px&quot;,&quot;value&quot;:0.0},&quot;bottomLeft&quot;:{&quot;unit&quot;:&quot;px&quot;,&quot;value&quot;:0.0},&quot;bottomRight&quot;:{&quot;unit&quot;:&quot;px&quot;,&quot;value&quot;:0.0}}\">\n<div class=\"sqs-block-content\">\n<div class=\"sqs-html-content\">\n<p class=\"preFade fadeIn\"><strong><em>\u201cCensoring books is not just silencing authors, it is an attempt to suppress society\u2019s ability to question, and to reflect. Authoritarian governments fear the transformative power of words\u2014words that challenge injustice, expose truths, and inspire change. At PEN International, we continue defending the right to write, to read, publish and imagine alternative futures. We believe that books are not only vessels of creativity, but also powerful forces capable of reshaping dominant narratives and resisting oppression.\u201d<\/em> Burhan Sonmez, President of PEN International<\/strong><\/p>\n<p class=\"preFade fadeIn\"><strong>23 April 2025: Over the last year, PEN International has documented a dramatic increase in book banks and censorship, and the persecution of their authors globally, as documented in\u00a0<\/strong><a href=\"https:\/\/www.pen-international.org\/news\/statement-identity-on-trial-persecution-and-resistance-pen-international-case-list-2025\" target=\"_blank\" rel=\"noopener\"><strong><em>Identity On Trial: Persecution And Resistance, PEN International Case List 2025<\/em><\/strong><\/a><strong>. Authorities worldwide are restricting access to books that address sexual violence, LGBTQ narratives, and issues of race, disproportionately affecting marginalised communities and signalling a dangerous shift towards intolerance.<\/strong><\/p>\n<\/div>\n<\/div>\n<\/div>\n<div id=\"block-yui_3_17_2_1_1745404793999_3925\" class=\"sqs-block horizontalrule-block sqs-block-horizontalrule\" data-block-type=\"47\">\n<div class=\"sqs-block-content\">\n<hr \/>\n<\/div>\n<\/div>\n<div id=\"block-yui_3_17_2_1_1745404793999_3984\" class=\"sqs-block html-block sqs-block-html\" data-block-type=\"2\" data-border-radii=\"{&quot;topLeft&quot;:{&quot;unit&quot;:&quot;px&quot;,&quot;value&quot;:0.0},&quot;topRight&quot;:{&quot;unit&quot;:&quot;px&quot;,&quot;value&quot;:0.0},&quot;bottomLeft&quot;:{&quot;unit&quot;:&quot;px&quot;,&quot;value&quot;:0.0},&quot;bottomRight&quot;:{&quot;unit&quot;:&quot;px&quot;,&quot;value&quot;:0.0}}\">\n<div class=\"sqs-block-content\">\n<div class=\"sqs-html-content\">\n<p class=\"preFade fadeIn\">The growing ban and censorship of books reflects ongoing attempts to reshape cultural and social narratives, highlighting the spread of cancel culture across regions and reaffirming how books remain powerful tools for social change. Such actions risk stigmatising authors and exposing them to potential threats and persecution.<\/p>\n<p class=\"preFade fadeIn\">In\u00a0<strong>Afghanistan<\/strong>, the Taliban has continued to perpetuate an environment of fear and isolation amongst writers and poets who have authored books containing themes or ideas that run contrary to the Taliban\u2019s interpretation of Sharia. In October 2024, The Taliban\u2019s Ministry of Information and Culture published a list of over 400 banned books that have been seized from markets, libraries and book sellers on the basis of their apparent \u2018conflict with Islamic and Afghan values\u2019.<\/p>\n<p class=\"preFade fadeIn\">In\u00a0<strong>Argentina<\/strong>, in 2024, government officials and groups linked to President Javier Milei\u2019s supporters launched a\u00a0<a href=\"https:\/\/www.pen-international.org\/news\/argentina-pen-international-condemns-attempted-censorship-of-the-book-cometierranbsp#:~:text=PEN%20International%20calls%20on%20the,cultural%20rights%20and%20free%20expression.\" target=\"_blank\" rel=\"noopener\">campaign<\/a>\u00a0to censor books addressing issues such as feminicide and sexual abuse, calling for their removal from schools and bookshops. All targeted books were written by women; including Dolores Reyes\u2019s\u00a0<em>Cometierra<\/em>\u00a0and Mar\u00eda Sol Fantin\u2019s\u00a0<em>If you weren&#8217;t such a child: Memories of violence<\/em>, among others.<\/p>\n<p class=\"preFade fadeIn\">In\u00a0<strong>Equatorial Guinea<\/strong>, writer Trifonia Melibea Obono Ntutumu has faced ongoing intimidation and harassment by authorities since the 20216 publication of her novel\u00a0<em>La Bastarda<\/em>, which explores women\u2019s rights, gender and sexuality. The book remains banned.<\/p>\n<p class=\"preFade fadeIn\">In\u00a0<strong>Malaysia<\/strong>, government authorities have banned at least nine books in early 2025 for being \u2018undesirable publications\u2019 that include content considered to be \u2018prejudicial to morality\u2019. Several of the prohibited books\u00a0<a href=\"https:\/\/www.freemalaysiatoday.com\/category\/nation\/2025\/01\/07\/6-books-banned-by-govt-over-prejudice-to-public-order\" target=\"_blank\" rel=\"noopener\">reportedly<\/a>\u00a0contain LGBTQ themes.<\/p>\n<p class=\"preFade fadeIn\">In\u00a0<strong>Mali<\/strong>, non-fiction author\u00a0<a href=\"https:\/\/www.pen-international.org\/cases\/tienne-fakaba-sissoko\" target=\"_blank\" rel=\"noopener\">\u00c9tienne Fakaba Sissoko<\/a>\u00a0was arrested in March 2024 over his book\u00a0<em>Propagande, Agitation, Harc\u00e8lement,\u00a0<\/em>which criticises the military government\u2019s communication during the political transition.<\/p>\n<p class=\"preFade fadeIn\">In\u00a0<strong>Palestine<\/strong>, the February arrest of Palestinian author\u00a0<strong>Mahmoud Muna<\/strong>\u00a0and his nephew Ahmad Muna, owners of Jerusalem\u2019s Educational Bookshop, highlights the increasing silencing of voices speaking out against Israel\u2019s occupation of the Palestinian territory.<\/p>\n<p class=\"preFade fadeIn\">In the\u00a0<strong>Russian Federation<\/strong>, publishers recalled books with LGBTQ+ content, while in\u00a0<strong>Belarus<\/strong>, books that challenged official narratives continued to be removed from bookshops and libraries, and to be labelled \u2018extremist materials\u2019.<\/p>\n<p class=\"preFade fadeIn\">In\u00a0<strong>T\u00fcrkiye,\u00a0<\/strong>authorities maintained strict control over the media and publishing landscape. In July 2024, storytelling platform Wattpad was the latest victim of a series of court orders blocking popular social media platforms, websites, and literary publishers. In September, police raided a bookstore in Diyarbak\u0131r, detaining individuals and seizing hundreds of books on alleged terror-related charges. Scores of\u00a0<strong>Kurdish<\/strong>\u00a0writers, including novelist Yavuz Ekinci, who faced up to seven-and-a-half years in prison for his book\u00a0<em>R\u00fcyas\u0131 B\u00f6l\u00fcnenler (Dream Divided)<\/em>, continued to be persecuted for promoting Kurdish language and culture.<\/p>\n<p class=\"preFade fadeIn\">In the\u00a0<strong>United States<\/strong>,\u00a0 around 16,000 book bans have been recorded in public schools since 2021 \u2013 a level of censorship\u00a0 not seen since the McCarthy era, according to\u00a0<a href=\"https:\/\/pen.org\/banned-books-list-2025\/\" target=\"_blank\" rel=\"noopener\">PEN America<\/a>. Most targeted books address race, racism, LGBTQ+ issues, sexual violence, or make sexual references. Among these books banned in the 2023-2024 school year are Jodi Picoult\u2019s\u202f<em>Nineteen Minutes<\/em>, John Green\u2019s\u202f<em>Looking for Alaska<\/em>, Margaret Atwood\u2019s\u00a0<em>The Handmaid\u2019s Tale<\/em>, and Khaled Hosseini\u2019s\u00a0<em>The Kite Runner<\/em>.<\/p>\n<p class=\"preFade fadeIn\"><strong>PEN International and its Centres urge authorities worldwide to:\u00a0<\/strong><\/p>\n<ul data-rte-list=\"default\">\n<li>\n<p class=\"preFade fadeIn\">End book bans and uphold freedom of expression.<\/p>\n<\/li>\n<\/ul>\n<ul data-rte-list=\"default\">\n<li>\n<p class=\"preFade fadeIn\">Stop the persecution of authors, publishers, translators and educators for simply doing their work.<\/p>\n<\/li>\n<\/ul>\n<ul data-rte-list=\"default\">\n<li>\n<p class=\"preFade fadeIn\">Support the autonomy of libraries, publishers, schools, and universities to curate collections and promote books in line with their values and the principles of freedom of expression, free from political interference.<\/p>\n<\/li>\n<\/ul>\n<\/div>\n<\/div>\n<\/div>\n","protected":false},"excerpt":{"rendered":"<p>\u201cCensoring books is not just silencing authors, it is an attempt to suppress society\u2019s ability to question, and to reflect. Authoritarian governments fear the transformative power of words\u2014words that challenge injustice, expose truths, and inspire change. At PEN International, we continue defending the right to write, to read, publish and imagine alternative futures. We believe [&#8230;]\n","protected":false},"author":2,"featured_media":5843,"comment_status":"closed","ping_status":"closed","sticky":false,"template":"","format":"standard","meta":{"footnotes":""},"categories":[21],"tags":[],"class_list":["post-5840","post","type-post","status-publish","format-standard","has-post-thumbnail","hentry","category-news"],"yoast_head":"<!-- This site is optimized with the Yoast SEO plugin v27.5 - https:\/\/yoast.com\/product\/yoast-seo-wordpress\/ -->\n<title>PEN International calls for an end to book bans on World Book Day 2025 | P\u0395\u039d Greece<\/title>\n<meta name=\"robots\" content=\"index, follow, max-snippet:-1, max-image-preview:large, max-video-preview:-1\" \/>\n<link rel=\"canonical\" href=\"https:\/\/pen-greece.org\/en\/pen-international-calls-for-an-end-to-book-bans-on-world-book-day-2025\/\" \/>\n<meta property=\"og:locale\" content=\"en_US\" \/>\n<meta property=\"og:type\" content=\"article\" \/>\n<meta property=\"og:title\" content=\"PEN International calls for an end to book bans on World Book Day 2025 | P\u0395\u039d Greece\" \/>\n<meta property=\"og:description\" content=\"\u201cCensoring books is not just silencing authors, it is an attempt to suppress society\u2019s ability to question, and to reflect. Authoritarian governments fear the transformative power of words\u2014words that challenge injustice, expose truths, and inspire change. At PEN International, we continue defending the right to write, to read, publish and imagine alternative futures. We believe [...]\" \/>\n<meta property=\"og:url\" content=\"https:\/\/pen-greece.org\/en\/pen-international-calls-for-an-end-to-book-bans-on-world-book-day-2025\/\" \/>\n<meta property=\"og:site_name\" content=\"P\u0395\u039d Greece\" \/>\n<meta property=\"article:publisher\" content=\"https:\/\/www.facebook.com\/PENGREECE\" \/>\n<meta property=\"article:published_time\" content=\"2025-04-23T17:25:54+00:00\" \/>\n<meta property=\"og:image\" content=\"https:\/\/pen-greece.org\/wp-content\/uploads\/2025\/04\/\u0395\u03b9\u03ba\u03cc\u03bd\u03b111.png\" \/>\n\t<meta property=\"og:image:width\" content=\"831\" \/>\n\t<meta property=\"og:image:height\" content=\"481\" \/>\n\t<meta property=\"og:image:type\" content=\"image\/png\" \/>\n<meta name=\"author\" content=\"PenGreece\" \/>\n<meta name=\"twitter:card\" content=\"summary_large_image\" \/>\n<meta name=\"twitter:creator\" content=\"@PenGreece\" \/>\n<meta name=\"twitter:site\" content=\"@PenGreece\" \/>\n<meta name=\"twitter:label1\" content=\"Written by\" \/>\n\t<meta name=\"twitter:data1\" content=\"PenGreece\" \/>\n\t<meta name=\"twitter:label2\" content=\"Est. reading time\" \/>\n\t<meta name=\"twitter:data2\" content=\"4 minutes\" \/>\n<script type=\"application\/ld+json\" class=\"yoast-schema-graph\">{\"@context\":\"https:\\\/\\\/schema.org\",\"@graph\":[{\"@type\":\"Article\",\"@id\":\"https:\\\/\\\/pen-greece.org\\\/en\\\/pen-international-calls-for-an-end-to-book-bans-on-world-book-day-2025\\\/#article\",\"isPartOf\":{\"@id\":\"https:\\\/\\\/pen-greece.org\\\/en\\\/pen-international-calls-for-an-end-to-book-bans-on-world-book-day-2025\\\/\"},\"author\":{\"name\":\"PenGreece\",\"@id\":\"https:\\\/\\\/pen-greece.org\\\/en\\\/#\\\/schema\\\/person\\\/619d527cc731718fc6d0d0aaf1fa326c\"},\"headline\":\"PEN International calls for an end to book bans on World Book Day 2025\",\"datePublished\":\"2025-04-23T17:25:54+00:00\",\"mainEntityOfPage\":{\"@id\":\"https:\\\/\\\/pen-greece.org\\\/en\\\/pen-international-calls-for-an-end-to-book-bans-on-world-book-day-2025\\\/\"},\"wordCount\":749,\"publisher\":{\"@id\":\"https:\\\/\\\/pen-greece.org\\\/en\\\/#organization\"},\"image\":{\"@id\":\"https:\\\/\\\/pen-greece.org\\\/en\\\/pen-international-calls-for-an-end-to-book-bans-on-world-book-day-2025\\\/#primaryimage\"},\"thumbnailUrl\":\"https:\\\/\\\/pen-greece.org\\\/wp-content\\\/uploads\\\/2025\\\/04\\\/\u0395\u03b9\u03ba\u03cc\u03bd\u03b111.png\",\"articleSection\":[\"News\"],\"inLanguage\":\"en-US\"},{\"@type\":\"WebPage\",\"@id\":\"https:\\\/\\\/pen-greece.org\\\/en\\\/pen-international-calls-for-an-end-to-book-bans-on-world-book-day-2025\\\/\",\"url\":\"https:\\\/\\\/pen-greece.org\\\/en\\\/pen-international-calls-for-an-end-to-book-bans-on-world-book-day-2025\\\/\",\"name\":\"PEN International calls for an end to book bans on World Book Day 2025 | P\u0395\u039d Greece\",\"isPartOf\":{\"@id\":\"https:\\\/\\\/pen-greece.org\\\/en\\\/#website\"},\"primaryImageOfPage\":{\"@id\":\"https:\\\/\\\/pen-greece.org\\\/en\\\/pen-international-calls-for-an-end-to-book-bans-on-world-book-day-2025\\\/#primaryimage\"},\"image\":{\"@id\":\"https:\\\/\\\/pen-greece.org\\\/en\\\/pen-international-calls-for-an-end-to-book-bans-on-world-book-day-2025\\\/#primaryimage\"},\"thumbnailUrl\":\"https:\\\/\\\/pen-greece.org\\\/wp-content\\\/uploads\\\/2025\\\/04\\\/\u0395\u03b9\u03ba\u03cc\u03bd\u03b111.png\",\"datePublished\":\"2025-04-23T17:25:54+00:00\",\"breadcrumb\":{\"@id\":\"https:\\\/\\\/pen-greece.org\\\/en\\\/pen-international-calls-for-an-end-to-book-bans-on-world-book-day-2025\\\/#breadcrumb\"},\"inLanguage\":\"en-US\",\"potentialAction\":[{\"@type\":\"ReadAction\",\"target\":[\"https:\\\/\\\/pen-greece.org\\\/en\\\/pen-international-calls-for-an-end-to-book-bans-on-world-book-day-2025\\\/\"]}]},{\"@type\":\"ImageObject\",\"inLanguage\":\"en-US\",\"@id\":\"https:\\\/\\\/pen-greece.org\\\/en\\\/pen-international-calls-for-an-end-to-book-bans-on-world-book-day-2025\\\/#primaryimage\",\"url\":\"https:\\\/\\\/pen-greece.org\\\/wp-content\\\/uploads\\\/2025\\\/04\\\/\u0395\u03b9\u03ba\u03cc\u03bd\u03b111.png\",\"contentUrl\":\"https:\\\/\\\/pen-greece.org\\\/wp-content\\\/uploads\\\/2025\\\/04\\\/\u0395\u03b9\u03ba\u03cc\u03bd\u03b111.png\",\"width\":831,\"height\":481},{\"@type\":\"BreadcrumbList\",\"@id\":\"https:\\\/\\\/pen-greece.org\\\/en\\\/pen-international-calls-for-an-end-to-book-bans-on-world-book-day-2025\\\/#breadcrumb\",\"itemListElement\":[{\"@type\":\"ListItem\",\"position\":1,\"name\":\"Home\",\"item\":\"https:\\\/\\\/pen-greece.org\\\/en\\\/\"},{\"@type\":\"ListItem\",\"position\":2,\"name\":\"PEN International calls for an end to book bans on World Book Day 2025\"}]},{\"@type\":\"WebSite\",\"@id\":\"https:\\\/\\\/pen-greece.org\\\/en\\\/#website\",\"url\":\"https:\\\/\\\/pen-greece.org\\\/en\\\/\",\"name\":\"PEN Greece\",\"description\":\"\u03a0\u0391\u039d\u0395\u039b\u039b\u0397\u039d\u0399\u039f \u03a3\u03a9\u039c\u0391\u03a4\u0395\u0399\u039f \u039b\u039f\u0393\u039f\u03a4\u0395\u03a7\u039d\u03a9\u039d \u039a\u0391\u0399 \u03a6\u0399\u039b\u03a9\u039d \u03a4\u0397\u03a3 \u039b\u039f\u0393\u039f\u03a4\u0395\u03a7\u039d\u0399\u0391\u03a3\",\"publisher\":{\"@id\":\"https:\\\/\\\/pen-greece.org\\\/en\\\/#organization\"},\"potentialAction\":[{\"@type\":\"SearchAction\",\"target\":{\"@type\":\"EntryPoint\",\"urlTemplate\":\"https:\\\/\\\/pen-greece.org\\\/en\\\/?s={search_term_string}\"},\"query-input\":{\"@type\":\"PropertyValueSpecification\",\"valueRequired\":true,\"valueName\":\"search_term_string\"}}],\"inLanguage\":\"en-US\"},{\"@type\":\"Organization\",\"@id\":\"https:\\\/\\\/pen-greece.org\\\/en\\\/#organization\",\"name\":\"PEN Greece\",\"url\":\"https:\\\/\\\/pen-greece.org\\\/en\\\/\",\"logo\":{\"@type\":\"ImageObject\",\"inLanguage\":\"en-US\",\"@id\":\"https:\\\/\\\/pen-greece.org\\\/en\\\/#\\\/schema\\\/logo\\\/image\\\/\",\"url\":\"https:\\\/\\\/pen-greece.org\\\/wp-content\\\/uploads\\\/2021\\\/10\\\/pen-greece-logo-1.jpg\",\"contentUrl\":\"https:\\\/\\\/pen-greece.org\\\/wp-content\\\/uploads\\\/2021\\\/10\\\/pen-greece-logo-1.jpg\",\"width\":994,\"height\":627,\"caption\":\"PEN Greece\"},\"image\":{\"@id\":\"https:\\\/\\\/pen-greece.org\\\/en\\\/#\\\/schema\\\/logo\\\/image\\\/\"},\"sameAs\":[\"https:\\\/\\\/www.facebook.com\\\/PENGREECE\",\"https:\\\/\\\/x.com\\\/PenGreece\",\"https:\\\/\\\/www.instagram.com\\\/pen_greece\\\/\",\"https:\\\/\\\/www.linkedin.com\\\/company\\\/pen-greece\\\/\",\"https:\\\/\\\/www.youtube.com\\\/channel\\\/UCZbfHhuxNWskHxOylyltfqQ\"]},{\"@type\":\"Person\",\"@id\":\"https:\\\/\\\/pen-greece.org\\\/en\\\/#\\\/schema\\\/person\\\/619d527cc731718fc6d0d0aaf1fa326c\",\"name\":\"PenGreece\",\"image\":{\"@type\":\"ImageObject\",\"inLanguage\":\"en-US\",\"@id\":\"https:\\\/\\\/pen-greece.org\\\/wp-content\\\/uploads\\\/2021\\\/10\\\/pen-greece-avatar-96x96.jpg\",\"url\":\"https:\\\/\\\/pen-greece.org\\\/wp-content\\\/uploads\\\/2021\\\/10\\\/pen-greece-avatar-96x96.jpg\",\"contentUrl\":\"https:\\\/\\\/pen-greece.org\\\/wp-content\\\/uploads\\\/2021\\\/10\\\/pen-greece-avatar-96x96.jpg\",\"caption\":\"PenGreece\"},\"description\":\"\u0395\u03c0\u03af\u03c3\u03b7\u03bc\u03bf \u03a0\u03b1\u03c1\u03ac\u03c1\u03c4\u03b7\u03bc\u03b1 \u03c4\u03bf\u03c5 PEN International \u03c3\u03c4\u03b7\u03bd \u0395\u03bb\u03bb\u03ac\u03b4\u03b1\",\"url\":\"https:\\\/\\\/pen-greece.org\\\/en\\\/author\\\/pengreece\\\/\"}]}<\/script>\n<!-- \/ Yoast SEO plugin. -->","yoast_head_json":{"title":"PEN International calls for an end to book bans on World Book Day 2025 | P\u0395\u039d Greece","robots":{"index":"index","follow":"follow","max-snippet":"max-snippet:-1","max-image-preview":"max-image-preview:large","max-video-preview":"max-video-preview:-1"},"canonical":"https:\/\/pen-greece.org\/en\/pen-international-calls-for-an-end-to-book-bans-on-world-book-day-2025\/","og_locale":"en_US","og_type":"article","og_title":"PEN International calls for an end to book bans on World Book Day 2025 | P\u0395\u039d Greece","og_description":"\u201cCensoring books is not just silencing authors, it is an attempt to suppress society\u2019s ability to question, and to reflect. Authoritarian governments fear the transformative power of words\u2014words that challenge injustice, expose truths, and inspire change. At PEN International, we continue defending the right to write, to read, publish and imagine alternative futures. We believe [...]","og_url":"https:\/\/pen-greece.org\/en\/pen-international-calls-for-an-end-to-book-bans-on-world-book-day-2025\/","og_site_name":"P\u0395\u039d Greece","article_publisher":"https:\/\/www.facebook.com\/PENGREECE","article_published_time":"2025-04-23T17:25:54+00:00","og_image":[{"width":831,"height":481,"url":"https:\/\/pen-greece.org\/wp-content\/uploads\/2025\/04\/\u0395\u03b9\u03ba\u03cc\u03bd\u03b111.png","type":"image\/png"}],"author":"PenGreece","twitter_card":"summary_large_image","twitter_creator":"@PenGreece","twitter_site":"@PenGreece","twitter_misc":{"Written by":"PenGreece","Est. reading time":"4 minutes"},"schema":{"@context":"https:\/\/schema.org","@graph":[{"@type":"Article","@id":"https:\/\/pen-greece.org\/en\/pen-international-calls-for-an-end-to-book-bans-on-world-book-day-2025\/#article","isPartOf":{"@id":"https:\/\/pen-greece.org\/en\/pen-international-calls-for-an-end-to-book-bans-on-world-book-day-2025\/"},"author":{"name":"PenGreece","@id":"https:\/\/pen-greece.org\/en\/#\/schema\/person\/619d527cc731718fc6d0d0aaf1fa326c"},"headline":"PEN International calls for an end to book bans on World Book Day 2025","datePublished":"2025-04-23T17:25:54+00:00","mainEntityOfPage":{"@id":"https:\/\/pen-greece.org\/en\/pen-international-calls-for-an-end-to-book-bans-on-world-book-day-2025\/"},"wordCount":749,"publisher":{"@id":"https:\/\/pen-greece.org\/en\/#organization"},"image":{"@id":"https:\/\/pen-greece.org\/en\/pen-international-calls-for-an-end-to-book-bans-on-world-book-day-2025\/#primaryimage"},"thumbnailUrl":"https:\/\/pen-greece.org\/wp-content\/uploads\/2025\/04\/\u0395\u03b9\u03ba\u03cc\u03bd\u03b111.png","articleSection":["News"],"inLanguage":"en-US"},{"@type":"WebPage","@id":"https:\/\/pen-greece.org\/en\/pen-international-calls-for-an-end-to-book-bans-on-world-book-day-2025\/","url":"https:\/\/pen-greece.org\/en\/pen-international-calls-for-an-end-to-book-bans-on-world-book-day-2025\/","name":"PEN International calls for an end to book bans on World Book Day 2025 | P\u0395\u039d Greece","isPartOf":{"@id":"https:\/\/pen-greece.org\/en\/#website"},"primaryImageOfPage":{"@id":"https:\/\/pen-greece.org\/en\/pen-international-calls-for-an-end-to-book-bans-on-world-book-day-2025\/#primaryimage"},"image":{"@id":"https:\/\/pen-greece.org\/en\/pen-international-calls-for-an-end-to-book-bans-on-world-book-day-2025\/#primaryimage"},"thumbnailUrl":"https:\/\/pen-greece.org\/wp-content\/uploads\/2025\/04\/\u0395\u03b9\u03ba\u03cc\u03bd\u03b111.png","datePublished":"2025-04-23T17:25:54+00:00","breadcrumb":{"@id":"https:\/\/pen-greece.org\/en\/pen-international-calls-for-an-end-to-book-bans-on-world-book-day-2025\/#breadcrumb"},"inLanguage":"en-US","potentialAction":[{"@type":"ReadAction","target":["https:\/\/pen-greece.org\/en\/pen-international-calls-for-an-end-to-book-bans-on-world-book-day-2025\/"]}]},{"@type":"ImageObject","inLanguage":"en-US","@id":"https:\/\/pen-greece.org\/en\/pen-international-calls-for-an-end-to-book-bans-on-world-book-day-2025\/#primaryimage","url":"https:\/\/pen-greece.org\/wp-content\/uploads\/2025\/04\/\u0395\u03b9\u03ba\u03cc\u03bd\u03b111.png","contentUrl":"https:\/\/pen-greece.org\/wp-content\/uploads\/2025\/04\/\u0395\u03b9\u03ba\u03cc\u03bd\u03b111.png","width":831,"height":481},{"@type":"BreadcrumbList","@id":"https:\/\/pen-greece.org\/en\/pen-international-calls-for-an-end-to-book-bans-on-world-book-day-2025\/#breadcrumb","itemListElement":[{"@type":"ListItem","position":1,"name":"Home","item":"https:\/\/pen-greece.org\/en\/"},{"@type":"ListItem","position":2,"name":"PEN International calls for an end to book bans on World Book Day 2025"}]},{"@type":"WebSite","@id":"https:\/\/pen-greece.org\/en\/#website","url":"https:\/\/pen-greece.org\/en\/","name":"PEN Greece","description":"\u03a0\u0391\u039d\u0395\u039b\u039b\u0397\u039d\u0399\u039f \u03a3\u03a9\u039c\u0391\u03a4\u0395\u0399\u039f \u039b\u039f\u0393\u039f\u03a4\u0395\u03a7\u039d\u03a9\u039d \u039a\u0391\u0399 \u03a6\u0399\u039b\u03a9\u039d \u03a4\u0397\u03a3 \u039b\u039f\u0393\u039f\u03a4\u0395\u03a7\u039d\u0399\u0391\u03a3","publisher":{"@id":"https:\/\/pen-greece.org\/en\/#organization"},"potentialAction":[{"@type":"SearchAction","target":{"@type":"EntryPoint","urlTemplate":"https:\/\/pen-greece.org\/en\/?s={search_term_string}"},"query-input":{"@type":"PropertyValueSpecification","valueRequired":true,"valueName":"search_term_string"}}],"inLanguage":"en-US"},{"@type":"Organization","@id":"https:\/\/pen-greece.org\/en\/#organization","name":"PEN Greece","url":"https:\/\/pen-greece.org\/en\/","logo":{"@type":"ImageObject","inLanguage":"en-US","@id":"https:\/\/pen-greece.org\/en\/#\/schema\/logo\/image\/","url":"https:\/\/pen-greece.org\/wp-content\/uploads\/2021\/10\/pen-greece-logo-1.jpg","contentUrl":"https:\/\/pen-greece.org\/wp-content\/uploads\/2021\/10\/pen-greece-logo-1.jpg","width":994,"height":627,"caption":"PEN Greece"},"image":{"@id":"https:\/\/pen-greece.org\/en\/#\/schema\/logo\/image\/"},"sameAs":["https:\/\/www.facebook.com\/PENGREECE","https:\/\/x.com\/PenGreece","https:\/\/www.instagram.com\/pen_greece\/","https:\/\/www.linkedin.com\/company\/pen-greece\/","https:\/\/www.youtube.com\/channel\/UCZbfHhuxNWskHxOylyltfqQ"]},{"@type":"Person","@id":"https:\/\/pen-greece.org\/en\/#\/schema\/person\/619d527cc731718fc6d0d0aaf1fa326c","name":"PenGreece","image":{"@type":"ImageObject","inLanguage":"en-US","@id":"https:\/\/pen-greece.org\/wp-content\/uploads\/2021\/10\/pen-greece-avatar-96x96.jpg","url":"https:\/\/pen-greece.org\/wp-content\/uploads\/2021\/10\/pen-greece-avatar-96x96.jpg","contentUrl":"https:\/\/pen-greece.org\/wp-content\/uploads\/2021\/10\/pen-greece-avatar-96x96.jpg","caption":"PenGreece"},"description":"\u0395\u03c0\u03af\u03c3\u03b7\u03bc\u03bf \u03a0\u03b1\u03c1\u03ac\u03c1\u03c4\u03b7\u03bc\u03b1 \u03c4\u03bf\u03c5 PEN International \u03c3\u03c4\u03b7\u03bd \u0395\u03bb\u03bb\u03ac\u03b4\u03b1","url":"https:\/\/pen-greece.org\/en\/author\/pengreece\/"}]}},"_links":{"self":[{"href":"https:\/\/pen-greece.org\/en\/wp-json\/wp\/v2\/posts\/5840","targetHints":{"allow":["GET"]}}],"collection":[{"href":"https:\/\/pen-greece.org\/en\/wp-json\/wp\/v2\/posts"}],"about":[{"href":"https:\/\/pen-greece.org\/en\/wp-json\/wp\/v2\/types\/post"}],"author":[{"embeddable":true,"href":"https:\/\/pen-greece.org\/en\/wp-json\/wp\/v2\/users\/2"}],"replies":[{"embeddable":true,"href":"https:\/\/pen-greece.org\/en\/wp-json\/wp\/v2\/comments?post=5840"}],"version-history":[{"count":1,"href":"https:\/\/pen-greece.org\/en\/wp-json\/wp\/v2\/posts\/5840\/revisions"}],"predecessor-version":[{"id":5845,"href":"https:\/\/pen-greece.org\/en\/wp-json\/wp\/v2\/posts\/5840\/revisions\/5845"}],"wp:featuredmedia":[{"embeddable":true,"href":"https:\/\/pen-greece.org\/en\/wp-json\/wp\/v2\/media\/5843"}],"wp:attachment":[{"href":"https:\/\/pen-greece.org\/en\/wp-json\/wp\/v2\/media?parent=5840"}],"wp:term":[{"taxonomy":"category","embeddable":true,"href":"https:\/\/pen-greece.org\/en\/wp-json\/wp\/v2\/categories?post=5840"},{"taxonomy":"post_tag","embeddable":true,"href":"https:\/\/pen-greece.org\/en\/wp-json\/wp\/v2\/tags?post=5840"}],"curies":[{"name":"wp","href":"https:\/\/api.w.org\/{rel}","templated":true}]}}