{"id":6191,"date":"2025-11-10T21:19:41","date_gmt":"2025-11-10T19:19:41","guid":{"rendered":"https:\/\/pen-greece.org\/?p=6191"},"modified":"2025-11-10T21:19:41","modified_gmt":"2025-11-10T19:19:41","slug":"turkiye-writer-yavuz-ekinci-on-trial-again-as-spurious-terror-propaganda-case-resumes","status":"publish","type":"post","link":"https:\/\/pen-greece.org\/en\/turkiye-writer-yavuz-ekinci-on-trial-again-as-spurious-terror-propaganda-case-resumes\/","title":{"rendered":"T\u00fcrkiye: Writer Yavuz Ekinci on trial again as spurious terror-propaganda case resumes"},"content":{"rendered":"<div id=\"block-yui_3_17_2_1_1751624055654_6137\" class=\"sqs-block image-block sqs-block-image sqs-text-ready\" data-block-type=\"5\">\n<div id=\"yui_3_17_2_1_1762802307943_95\" class=\"sqs-block-content\">\n<div id=\"yui_3_17_2_1_1762802307943_94\" class=\"image-block-outer-wrapper layout-caption-below design-layout-inline combination-animation-site-default individual-animation-site-default individual-text-animation-site-default animation-loaded\" data-test=\"image-block-inline-outer-wrapper\">\n<figure id=\"yui_3_17_2_1_1762802307943_93\" class=\"\n              sqs-block-image-figure\n              intrinsic\n            \"><figcaption class=\"image-caption-wrapper\">\n<div class=\"image-caption\">\n<p class=\"preFade fadeIn\" data-rte-preserve-empty=\"true\">Image Credit: Ege Tonbul<\/p>\n<\/div>\n<\/figcaption><\/figure>\n<\/div>\n<\/div>\n<\/div>\n<div id=\"block-66e2570031d013b5e8df\" class=\"sqs-block html-block sqs-block-html\" data-block-type=\"2\" data-border-radii=\"{&quot;topLeft&quot;:{&quot;unit&quot;:&quot;px&quot;,&quot;value&quot;:0.0},&quot;topRight&quot;:{&quot;unit&quot;:&quot;px&quot;,&quot;value&quot;:0.0},&quot;bottomLeft&quot;:{&quot;unit&quot;:&quot;px&quot;,&quot;value&quot;:0.0},&quot;bottomRight&quot;:{&quot;unit&quot;:&quot;px&quot;,&quot;value&quot;:0.0}}\" data-sqsp-block=\"text\">\n<div class=\"sqs-block-content\">\n<div class=\"sqs-html-content\" data-sqsp-text-block-content=\"\">\n<p class=\"preFade fadeIn\"><strong>UPDATE<\/p>\n<p>10 November 2025: Today, the 23rd High Criminal Court in Istanbul <\/strong><a href=\"https:\/\/www.mlsaturkey.com\/tr\/romani-nedeniyle-yazar-yavuz-ekinciye-acilan-dava-dustu\"><strong>dismissed<\/strong><\/a><strong> the case against writer Yavuz Ekinci on the grounds that the statute of limitations had expired. Ekinci faced up to seven-and-a-half years in prison on terror propaganda grounds for his book, <em>R\u00fcyas\u0131 B\u00f6l\u00fcnenler (Dream Divided)<\/em>. PEN International welcomes the verdict and urges the authorities to T\u00fcrkiye to lift their ban on <em>Dream Divided. <\/em>The organisation further calls on the authorities to overturn Ekinci\u2019s separate but similarly preposterous \u2018terror propaganda\u2019 conviction for eight tweets published in 2013 and 2014 \u2013 none of which promoted or incited violence.<\/strong><\/p>\n<p class=\"preFade fadeIn\"><strong>\u00a0<em>\u201cWe warmly welcome the dismissal of the ludicrous case against Yavuz Ekinci, although he should have never been charged with terror propaganda in the first place. Ekinci is guilty of nothing but daring to be a writer in today\u2019s T\u00fcrkiye. We call for an end to his years-long judicial harassment and urge the authorities to uphold the freedom to create for all.\u201d <\/em>Burhan Sonmez, PEN International President. <\/strong><\/p>\n<\/div>\n<\/div>\n<\/div>\n<div id=\"block-yui_3_17_2_1_1762785994393_5521\" class=\"sqs-block horizontalrule-block sqs-block-horizontalrule\" data-block-type=\"47\">\n<div class=\"sqs-block-content\">\n<hr \/>\n<\/div>\n<\/div>\n<div id=\"block-yui_3_17_2_1_1762785994393_4842\" class=\"sqs-block html-block sqs-block-html\" data-block-type=\"2\" data-border-radii=\"{&quot;topLeft&quot;:{&quot;unit&quot;:&quot;px&quot;,&quot;value&quot;:0.0},&quot;topRight&quot;:{&quot;unit&quot;:&quot;px&quot;,&quot;value&quot;:0.0},&quot;bottomLeft&quot;:{&quot;unit&quot;:&quot;px&quot;,&quot;value&quot;:0.0},&quot;bottomRight&quot;:{&quot;unit&quot;:&quot;px&quot;,&quot;value&quot;:0.0}}\" data-sqsp-block=\"text\">\n<div class=\"sqs-block-content\">\n<div class=\"sqs-html-content\" data-sqsp-text-block-content=\"\">\n<p class=\"preFade fadeIn\"><strong><em>\u201cThat Kurdish writer Yavuz Ekinci finds himself in court again for his writings after the case against him was dismissed exposes the authorities of T\u00fcrkiye\u2019s pernicious pursuit of those who dare explore uncomfortable truths. We urge the authorities to stop weaponizing the justice system to silence diverse voices and to end their relentless judicial harassment of Ekinci once and for all,\u2019<\/em>\u201d said Burhan Sonmez, PEN International President.\u00a0<\/strong><\/p>\n<p class=\"preFade fadeIn\"><strong>04 July 2025 \u2013 The authorities of T\u00fcrkiye should urgently drop bogus terror-propaganda charges against Kurdish writer Yavuz Ekinci, PEN International said today. Although the case against Ekinci was dismissed in December 2024, the prosecution subsequently appealed the decision, and the next hearing will be held at the 23rd High Criminal Court in Istanbul on 9 July. Ekinci faces up to seven-and-a-half years in prison if convicted.\u00a0<\/strong><\/p>\n<\/div>\n<\/div>\n<\/div>\n<div id=\"block-yui_3_17_2_1_1751624055654_5473\" class=\"sqs-block horizontalrule-block sqs-block-horizontalrule\" data-block-type=\"47\">\n<div class=\"sqs-block-content\">\n<hr \/>\n<\/div>\n<\/div>\n<div id=\"block-yui_3_17_2_1_1751624055654_5534\" class=\"sqs-block html-block sqs-block-html\" data-block-type=\"2\" data-border-radii=\"{&quot;topLeft&quot;:{&quot;unit&quot;:&quot;px&quot;,&quot;value&quot;:0.0},&quot;topRight&quot;:{&quot;unit&quot;:&quot;px&quot;,&quot;value&quot;:0.0},&quot;bottomLeft&quot;:{&quot;unit&quot;:&quot;px&quot;,&quot;value&quot;:0.0},&quot;bottomRight&quot;:{&quot;unit&quot;:&quot;px&quot;,&quot;value&quot;:0.0}}\" data-sqsp-block=\"text\">\n<div class=\"sqs-block-content\">\n<div class=\"sqs-html-content\" data-sqsp-text-block-content=\"\">\n<p class=\"preFade fadeIn\">Writer Yavuz Ekinci stands accused of \u2018making terrorist propaganda\u2019 in relation to his book <em>R\u00fcyas\u0131 B\u00f6l\u00fcnenler<\/em> (<em>Dream Divided<\/em>), a charge that carries up to seven and a half years in prison under Article 7 of T\u00fcrkiye\u2019s Anti-Terror Law No. 3713 \u2013 <a href=\"https:\/\/www.omct.org\/en\/resources\/reports\/turkey-the-instrumentalization-of-the-counter-terrorism-legislation-and-policies-and-their-impact-on-hrds\" target=\"_blank\" rel=\"noopener\">routinely used<\/a> by the authorities of T\u00fcrkiye to silence independent voices. Ekinci\u2019s trial opened on 18 September 2024 at the 23rd High Criminal Court in Istanbul. In a welcome move, and following <a href=\"https:\/\/www.pen-international.org\/news\/turkiye-drop-terror-propaganda-charges-against-writer-yavuz-ekincinbsp\" target=\"_blank\" rel=\"noopener\">PEN\u2019s campaign<\/a>, the court <a href=\"https:\/\/www.gazeteduvar.com.tr\/yazar-yavuz-ekinciye-acilan-dava-reddedildi-okurlarimi-savunmak-icin-geldim-haber-1741036\" target=\"_blank\" rel=\"noopener\">dismissed<\/a> all charges against Ekinci on 9 December 2024. However, the prosecution appealed the decision, with the Istanbul Regional Court of Justice subsequently ruling on 8 May 2025 that the case should be sent back to trial.<\/p>\n<p class=\"preFade fadeIn\">Already on 14 March 2023, a court in Istanbul <a href=\"https:\/\/www.pen-international.org\/news\/turkiye-wave-of-book-bans-and-restrictions-condemned\" target=\"_blank\" rel=\"noopener\">ruled<\/a> that <em>Dream Divided<\/em> included content amounting to \u2018terrorist propaganda\u2019 and banned its publication, distribution, and sale. Copies of the book were also confiscated. The case was pending before T\u00fcrkiye\u2019s Constitutional Court at the time of writing. Published in 2014, <em>Dream Divided<\/em> tells the journey of a Kurdish man who fled T\u00fcrkiye for political reasons and his struggles to build a new life in Germany. Upon learning that his father is gravely ill, the protagonist sets on a journey to find his long-lost brother, who took up arms years prior and fled to the Qandil Mountains. The book ends with a call for unity and peace.<\/p>\n<p class=\"preFade fadeIn\">Access to diverse literature, thought and opinion is a fundamental right that must be upheld by governments worldwide. Freedom of expression, and the freedoms to publish and read, are <a href=\"https:\/\/www.pen-international.org\/news\/call-for-key-freedoms-to-be-respected\" target=\"_blank\" rel=\"noopener\">intrinsically linked<\/a>. PEN International urges the authorities of T\u00fcrkiye to abide by their international human rights obligations, starting by urgently dropping all charges against Ekinci and desisting from punishing imagination and expression.<\/p>\n<p class=\"preFade fadeIn\">\n<p class=\"preFade fadeIn\"><span class=\"sqsrte-text-highlight\" data-text-attribute-id=\"a04658ec-6b5b-4494-80cc-6178bc916c8b\"><strong>Additional information\u00a0<\/strong>\u00a0<\/span><\/p>\n<p class=\"preFade fadeIn\">Yavuz Ekinci, born in 1979, has received multiple awards for his short stories, including the 2005 Haldun Taner Award and the 2007 Yunus Nadi Award. His work focuses on the plight of Kurdish people in T\u00fcrkiye and has been translated into German, Greek, and Kurdish. He also works as a teacher and editor of Kurdish Literature. His latest book, <em>Aziz<\/em>, was released in December 2024. A German edition of <em>Dream Divided<\/em> is to be published in September.<\/p>\n<p class=\"preFade fadeIn\">Ekinci has been repeatedly targeted for his writing and the peaceful exercise of his right to freedom of expression. In a separate case in March 2022, he was found <a href=\"https:\/\/www.pen-international.org\/news\/turkey-verdict-expected-in-trial-of-writer-yavuz-ekinci\" target=\"_blank\" rel=\"noopener\">guilty<\/a> of \u2018making terrorist propaganda\u2019 and handed a suspended sentence of one year, six months and 22 days in prison for eight tweets published on his Twitter account in 2013 and 2014. The tweets, none of which promoted or incited violence, for the most part related to the Newroz (New Year) celebrations in Diyarbak\u0131r, south-eastern T\u00fcrkiye, and to the 2014 battle of Kobane in Syria. The case was pending before T\u00fcrkiye\u2019s Court of Cassation at the time of writing. In 2018, a <a href=\"https:\/\/www.yeniakit.com.tr\/haber\/sozde-yazardan-skandal-kitap-hz-cebrail-sozde-peygabere-bak-demis-531464.html\" target=\"_blank\" rel=\"noopener\">smear campaign<\/a> was launched online against Ekinci following the publication of his book <em>Peygamberin Endi\u015fesi<\/em> (<em>The Prophet\u2019s Concern<\/em>).<\/p>\n<p class=\"preFade fadeIn\">For more information about PEN International\u2019s work on T\u00fcrkiye please see <a href=\"https:\/\/www.pen-international.org\/news\/statement-identity-on-trial-persecution-and-resistance-pen-international-case-list-2025\" target=\"_blank\" rel=\"noopener\"><em>Identity on Trial: Persecution and Resistance<\/em><\/a>, PEN International\u2019s Case List 2025, which documents 138 cases of persecuted writers worldwide, including Ekinci.<\/p>\n<\/div>\n<\/div>\n<\/div>\n<div id=\"block-yui_3_17_2_1_1751624055654_2711\" class=\"sqs-block horizontalrule-block sqs-block-horizontalrule\" data-block-type=\"47\"><\/div>\n","protected":false},"excerpt":{"rendered":"<p>Image Credit: Ege Tonbul UPDATE 10 November 2025: Today, the 23rd High Criminal Court in Istanbul dismissed the case against writer Yavuz Ekinci on the grounds that the statute of limitations had expired. Ekinci faced up to seven-and-a-half years in prison on terror propaganda grounds for his book, R\u00fcyas\u0131 B\u00f6l\u00fcnenler (Dream Divided). PEN International welcomes [&#8230;]\n","protected":false},"author":2,"featured_media":6185,"comment_status":"closed","ping_status":"closed","sticky":false,"template":"","format":"standard","meta":{"footnotes":""},"categories":[21],"tags":[],"class_list":["post-6191","post","type-post","status-publish","format-standard","has-post-thumbnail","hentry","category-news"],"yoast_head":"<!-- This site is optimized with the Yoast SEO plugin v27.5 - https:\/\/yoast.com\/product\/yoast-seo-wordpress\/ -->\n<title>T\u00fcrkiye: Writer Yavuz Ekinci on trial again as spurious terror-propaganda case resumes | P\u0395\u039d Greece<\/title>\n<meta name=\"robots\" content=\"index, follow, max-snippet:-1, max-image-preview:large, max-video-preview:-1\" \/>\n<link rel=\"canonical\" href=\"https:\/\/pen-greece.org\/en\/turkiye-writer-yavuz-ekinci-on-trial-again-as-spurious-terror-propaganda-case-resumes\/\" \/>\n<meta property=\"og:locale\" content=\"en_US\" \/>\n<meta property=\"og:type\" content=\"article\" \/>\n<meta property=\"og:title\" content=\"T\u00fcrkiye: Writer Yavuz Ekinci on trial again as spurious terror-propaganda case resumes | P\u0395\u039d Greece\" \/>\n<meta property=\"og:description\" content=\"Image Credit: Ege Tonbul UPDATE 10 November 2025: Today, the 23rd High Criminal Court in Istanbul dismissed the case against writer Yavuz Ekinci on the grounds that the statute of limitations had expired. Ekinci faced up to seven-and-a-half years in prison on terror propaganda grounds for his book, R\u00fcyas\u0131 B\u00f6l\u00fcnenler (Dream Divided). PEN International welcomes [...]\" \/>\n<meta property=\"og:url\" content=\"https:\/\/pen-greece.org\/en\/turkiye-writer-yavuz-ekinci-on-trial-again-as-spurious-terror-propaganda-case-resumes\/\" \/>\n<meta property=\"og:site_name\" content=\"P\u0395\u039d Greece\" \/>\n<meta property=\"article:publisher\" content=\"https:\/\/www.facebook.com\/PENGREECE\" \/>\n<meta property=\"article:published_time\" content=\"2025-11-10T19:19:41+00:00\" \/>\n<meta property=\"og:image\" content=\"https:\/\/pen-greece.org\/wp-content\/uploads\/2025\/11\/Yavuz_Ekinci.webp\" \/>\n\t<meta property=\"og:image:width\" content=\"1920\" \/>\n\t<meta property=\"og:image:height\" content=\"1080\" \/>\n\t<meta property=\"og:image:type\" content=\"image\/webp\" \/>\n<meta name=\"author\" content=\"PenGreece\" \/>\n<meta name=\"twitter:card\" content=\"summary_large_image\" \/>\n<meta name=\"twitter:creator\" content=\"@PenGreece\" \/>\n<meta name=\"twitter:site\" content=\"@PenGreece\" \/>\n<meta name=\"twitter:label1\" content=\"Written by\" \/>\n\t<meta name=\"twitter:data1\" content=\"PenGreece\" \/>\n\t<meta name=\"twitter:label2\" content=\"Est. reading time\" \/>\n\t<meta name=\"twitter:data2\" content=\"4 minutes\" \/>\n<script type=\"application\/ld+json\" class=\"yoast-schema-graph\">{\"@context\":\"https:\\\/\\\/schema.org\",\"@graph\":[{\"@type\":\"Article\",\"@id\":\"https:\\\/\\\/pen-greece.org\\\/en\\\/turkiye-writer-yavuz-ekinci-on-trial-again-as-spurious-terror-propaganda-case-resumes\\\/#article\",\"isPartOf\":{\"@id\":\"https:\\\/\\\/pen-greece.org\\\/en\\\/turkiye-writer-yavuz-ekinci-on-trial-again-as-spurious-terror-propaganda-case-resumes\\\/\"},\"author\":{\"name\":\"PenGreece\",\"@id\":\"https:\\\/\\\/pen-greece.org\\\/en\\\/#\\\/schema\\\/person\\\/619d527cc731718fc6d0d0aaf1fa326c\"},\"headline\":\"T\u00fcrkiye: Writer Yavuz Ekinci on trial again as spurious terror-propaganda case resumes\",\"datePublished\":\"2025-11-10T19:19:41+00:00\",\"mainEntityOfPage\":{\"@id\":\"https:\\\/\\\/pen-greece.org\\\/en\\\/turkiye-writer-yavuz-ekinci-on-trial-again-as-spurious-terror-propaganda-case-resumes\\\/\"},\"wordCount\":845,\"publisher\":{\"@id\":\"https:\\\/\\\/pen-greece.org\\\/en\\\/#organization\"},\"image\":{\"@id\":\"https:\\\/\\\/pen-greece.org\\\/en\\\/turkiye-writer-yavuz-ekinci-on-trial-again-as-spurious-terror-propaganda-case-resumes\\\/#primaryimage\"},\"thumbnailUrl\":\"https:\\\/\\\/pen-greece.org\\\/wp-content\\\/uploads\\\/2025\\\/11\\\/Yavuz_Ekinci.webp\",\"articleSection\":[\"News\"],\"inLanguage\":\"en-US\"},{\"@type\":\"WebPage\",\"@id\":\"https:\\\/\\\/pen-greece.org\\\/en\\\/turkiye-writer-yavuz-ekinci-on-trial-again-as-spurious-terror-propaganda-case-resumes\\\/\",\"url\":\"https:\\\/\\\/pen-greece.org\\\/en\\\/turkiye-writer-yavuz-ekinci-on-trial-again-as-spurious-terror-propaganda-case-resumes\\\/\",\"name\":\"T\u00fcrkiye: Writer Yavuz Ekinci on trial again as spurious terror-propaganda case resumes | P\u0395\u039d Greece\",\"isPartOf\":{\"@id\":\"https:\\\/\\\/pen-greece.org\\\/en\\\/#website\"},\"primaryImageOfPage\":{\"@id\":\"https:\\\/\\\/pen-greece.org\\\/en\\\/turkiye-writer-yavuz-ekinci-on-trial-again-as-spurious-terror-propaganda-case-resumes\\\/#primaryimage\"},\"image\":{\"@id\":\"https:\\\/\\\/pen-greece.org\\\/en\\\/turkiye-writer-yavuz-ekinci-on-trial-again-as-spurious-terror-propaganda-case-resumes\\\/#primaryimage\"},\"thumbnailUrl\":\"https:\\\/\\\/pen-greece.org\\\/wp-content\\\/uploads\\\/2025\\\/11\\\/Yavuz_Ekinci.webp\",\"datePublished\":\"2025-11-10T19:19:41+00:00\",\"breadcrumb\":{\"@id\":\"https:\\\/\\\/pen-greece.org\\\/en\\\/turkiye-writer-yavuz-ekinci-on-trial-again-as-spurious-terror-propaganda-case-resumes\\\/#breadcrumb\"},\"inLanguage\":\"en-US\",\"potentialAction\":[{\"@type\":\"ReadAction\",\"target\":[\"https:\\\/\\\/pen-greece.org\\\/en\\\/turkiye-writer-yavuz-ekinci-on-trial-again-as-spurious-terror-propaganda-case-resumes\\\/\"]}]},{\"@type\":\"ImageObject\",\"inLanguage\":\"en-US\",\"@id\":\"https:\\\/\\\/pen-greece.org\\\/en\\\/turkiye-writer-yavuz-ekinci-on-trial-again-as-spurious-terror-propaganda-case-resumes\\\/#primaryimage\",\"url\":\"https:\\\/\\\/pen-greece.org\\\/wp-content\\\/uploads\\\/2025\\\/11\\\/Yavuz_Ekinci.webp\",\"contentUrl\":\"https:\\\/\\\/pen-greece.org\\\/wp-content\\\/uploads\\\/2025\\\/11\\\/Yavuz_Ekinci.webp\",\"width\":1920,\"height\":1080},{\"@type\":\"BreadcrumbList\",\"@id\":\"https:\\\/\\\/pen-greece.org\\\/en\\\/turkiye-writer-yavuz-ekinci-on-trial-again-as-spurious-terror-propaganda-case-resumes\\\/#breadcrumb\",\"itemListElement\":[{\"@type\":\"ListItem\",\"position\":1,\"name\":\"Home\",\"item\":\"https:\\\/\\\/pen-greece.org\\\/en\\\/\"},{\"@type\":\"ListItem\",\"position\":2,\"name\":\"T\u00fcrkiye: Writer Yavuz Ekinci on trial again as spurious terror-propaganda case resumes\"}]},{\"@type\":\"WebSite\",\"@id\":\"https:\\\/\\\/pen-greece.org\\\/en\\\/#website\",\"url\":\"https:\\\/\\\/pen-greece.org\\\/en\\\/\",\"name\":\"PEN Greece\",\"description\":\"\u03a0\u0391\u039d\u0395\u039b\u039b\u0397\u039d\u0399\u039f \u03a3\u03a9\u039c\u0391\u03a4\u0395\u0399\u039f \u039b\u039f\u0393\u039f\u03a4\u0395\u03a7\u039d\u03a9\u039d \u039a\u0391\u0399 \u03a6\u0399\u039b\u03a9\u039d \u03a4\u0397\u03a3 \u039b\u039f\u0393\u039f\u03a4\u0395\u03a7\u039d\u0399\u0391\u03a3\",\"publisher\":{\"@id\":\"https:\\\/\\\/pen-greece.org\\\/en\\\/#organization\"},\"potentialAction\":[{\"@type\":\"SearchAction\",\"target\":{\"@type\":\"EntryPoint\",\"urlTemplate\":\"https:\\\/\\\/pen-greece.org\\\/en\\\/?s={search_term_string}\"},\"query-input\":{\"@type\":\"PropertyValueSpecification\",\"valueRequired\":true,\"valueName\":\"search_term_string\"}}],\"inLanguage\":\"en-US\"},{\"@type\":\"Organization\",\"@id\":\"https:\\\/\\\/pen-greece.org\\\/en\\\/#organization\",\"name\":\"PEN Greece\",\"url\":\"https:\\\/\\\/pen-greece.org\\\/en\\\/\",\"logo\":{\"@type\":\"ImageObject\",\"inLanguage\":\"en-US\",\"@id\":\"https:\\\/\\\/pen-greece.org\\\/en\\\/#\\\/schema\\\/logo\\\/image\\\/\",\"url\":\"https:\\\/\\\/pen-greece.org\\\/wp-content\\\/uploads\\\/2021\\\/10\\\/pen-greece-logo-1.jpg\",\"contentUrl\":\"https:\\\/\\\/pen-greece.org\\\/wp-content\\\/uploads\\\/2021\\\/10\\\/pen-greece-logo-1.jpg\",\"width\":994,\"height\":627,\"caption\":\"PEN Greece\"},\"image\":{\"@id\":\"https:\\\/\\\/pen-greece.org\\\/en\\\/#\\\/schema\\\/logo\\\/image\\\/\"},\"sameAs\":[\"https:\\\/\\\/www.facebook.com\\\/PENGREECE\",\"https:\\\/\\\/x.com\\\/PenGreece\",\"https:\\\/\\\/www.instagram.com\\\/pen_greece\\\/\",\"https:\\\/\\\/www.linkedin.com\\\/company\\\/pen-greece\\\/\",\"https:\\\/\\\/www.youtube.com\\\/channel\\\/UCZbfHhuxNWskHxOylyltfqQ\"]},{\"@type\":\"Person\",\"@id\":\"https:\\\/\\\/pen-greece.org\\\/en\\\/#\\\/schema\\\/person\\\/619d527cc731718fc6d0d0aaf1fa326c\",\"name\":\"PenGreece\",\"image\":{\"@type\":\"ImageObject\",\"inLanguage\":\"en-US\",\"@id\":\"https:\\\/\\\/pen-greece.org\\\/wp-content\\\/uploads\\\/2021\\\/10\\\/pen-greece-avatar-96x96.jpg\",\"url\":\"https:\\\/\\\/pen-greece.org\\\/wp-content\\\/uploads\\\/2021\\\/10\\\/pen-greece-avatar-96x96.jpg\",\"contentUrl\":\"https:\\\/\\\/pen-greece.org\\\/wp-content\\\/uploads\\\/2021\\\/10\\\/pen-greece-avatar-96x96.jpg\",\"caption\":\"PenGreece\"},\"description\":\"\u0395\u03c0\u03af\u03c3\u03b7\u03bc\u03bf \u03a0\u03b1\u03c1\u03ac\u03c1\u03c4\u03b7\u03bc\u03b1 \u03c4\u03bf\u03c5 PEN International \u03c3\u03c4\u03b7\u03bd \u0395\u03bb\u03bb\u03ac\u03b4\u03b1\",\"url\":\"https:\\\/\\\/pen-greece.org\\\/en\\\/author\\\/pengreece\\\/\"}]}<\/script>\n<!-- \/ Yoast SEO plugin. -->","yoast_head_json":{"title":"T\u00fcrkiye: Writer Yavuz Ekinci on trial again as spurious terror-propaganda case resumes | P\u0395\u039d Greece","robots":{"index":"index","follow":"follow","max-snippet":"max-snippet:-1","max-image-preview":"max-image-preview:large","max-video-preview":"max-video-preview:-1"},"canonical":"https:\/\/pen-greece.org\/en\/turkiye-writer-yavuz-ekinci-on-trial-again-as-spurious-terror-propaganda-case-resumes\/","og_locale":"en_US","og_type":"article","og_title":"T\u00fcrkiye: Writer Yavuz Ekinci on trial again as spurious terror-propaganda case resumes | P\u0395\u039d Greece","og_description":"Image Credit: Ege Tonbul UPDATE 10 November 2025: Today, the 23rd High Criminal Court in Istanbul dismissed the case against writer Yavuz Ekinci on the grounds that the statute of limitations had expired. Ekinci faced up to seven-and-a-half years in prison on terror propaganda grounds for his book, R\u00fcyas\u0131 B\u00f6l\u00fcnenler (Dream Divided). PEN International welcomes [...]","og_url":"https:\/\/pen-greece.org\/en\/turkiye-writer-yavuz-ekinci-on-trial-again-as-spurious-terror-propaganda-case-resumes\/","og_site_name":"P\u0395\u039d Greece","article_publisher":"https:\/\/www.facebook.com\/PENGREECE","article_published_time":"2025-11-10T19:19:41+00:00","og_image":[{"width":1920,"height":1080,"url":"https:\/\/pen-greece.org\/wp-content\/uploads\/2025\/11\/Yavuz_Ekinci.webp","type":"image\/webp"}],"author":"PenGreece","twitter_card":"summary_large_image","twitter_creator":"@PenGreece","twitter_site":"@PenGreece","twitter_misc":{"Written by":"PenGreece","Est. reading time":"4 minutes"},"schema":{"@context":"https:\/\/schema.org","@graph":[{"@type":"Article","@id":"https:\/\/pen-greece.org\/en\/turkiye-writer-yavuz-ekinci-on-trial-again-as-spurious-terror-propaganda-case-resumes\/#article","isPartOf":{"@id":"https:\/\/pen-greece.org\/en\/turkiye-writer-yavuz-ekinci-on-trial-again-as-spurious-terror-propaganda-case-resumes\/"},"author":{"name":"PenGreece","@id":"https:\/\/pen-greece.org\/en\/#\/schema\/person\/619d527cc731718fc6d0d0aaf1fa326c"},"headline":"T\u00fcrkiye: Writer Yavuz Ekinci on trial again as spurious terror-propaganda case resumes","datePublished":"2025-11-10T19:19:41+00:00","mainEntityOfPage":{"@id":"https:\/\/pen-greece.org\/en\/turkiye-writer-yavuz-ekinci-on-trial-again-as-spurious-terror-propaganda-case-resumes\/"},"wordCount":845,"publisher":{"@id":"https:\/\/pen-greece.org\/en\/#organization"},"image":{"@id":"https:\/\/pen-greece.org\/en\/turkiye-writer-yavuz-ekinci-on-trial-again-as-spurious-terror-propaganda-case-resumes\/#primaryimage"},"thumbnailUrl":"https:\/\/pen-greece.org\/wp-content\/uploads\/2025\/11\/Yavuz_Ekinci.webp","articleSection":["News"],"inLanguage":"en-US"},{"@type":"WebPage","@id":"https:\/\/pen-greece.org\/en\/turkiye-writer-yavuz-ekinci-on-trial-again-as-spurious-terror-propaganda-case-resumes\/","url":"https:\/\/pen-greece.org\/en\/turkiye-writer-yavuz-ekinci-on-trial-again-as-spurious-terror-propaganda-case-resumes\/","name":"T\u00fcrkiye: Writer Yavuz Ekinci on trial again as spurious terror-propaganda case resumes | P\u0395\u039d Greece","isPartOf":{"@id":"https:\/\/pen-greece.org\/en\/#website"},"primaryImageOfPage":{"@id":"https:\/\/pen-greece.org\/en\/turkiye-writer-yavuz-ekinci-on-trial-again-as-spurious-terror-propaganda-case-resumes\/#primaryimage"},"image":{"@id":"https:\/\/pen-greece.org\/en\/turkiye-writer-yavuz-ekinci-on-trial-again-as-spurious-terror-propaganda-case-resumes\/#primaryimage"},"thumbnailUrl":"https:\/\/pen-greece.org\/wp-content\/uploads\/2025\/11\/Yavuz_Ekinci.webp","datePublished":"2025-11-10T19:19:41+00:00","breadcrumb":{"@id":"https:\/\/pen-greece.org\/en\/turkiye-writer-yavuz-ekinci-on-trial-again-as-spurious-terror-propaganda-case-resumes\/#breadcrumb"},"inLanguage":"en-US","potentialAction":[{"@type":"ReadAction","target":["https:\/\/pen-greece.org\/en\/turkiye-writer-yavuz-ekinci-on-trial-again-as-spurious-terror-propaganda-case-resumes\/"]}]},{"@type":"ImageObject","inLanguage":"en-US","@id":"https:\/\/pen-greece.org\/en\/turkiye-writer-yavuz-ekinci-on-trial-again-as-spurious-terror-propaganda-case-resumes\/#primaryimage","url":"https:\/\/pen-greece.org\/wp-content\/uploads\/2025\/11\/Yavuz_Ekinci.webp","contentUrl":"https:\/\/pen-greece.org\/wp-content\/uploads\/2025\/11\/Yavuz_Ekinci.webp","width":1920,"height":1080},{"@type":"BreadcrumbList","@id":"https:\/\/pen-greece.org\/en\/turkiye-writer-yavuz-ekinci-on-trial-again-as-spurious-terror-propaganda-case-resumes\/#breadcrumb","itemListElement":[{"@type":"ListItem","position":1,"name":"Home","item":"https:\/\/pen-greece.org\/en\/"},{"@type":"ListItem","position":2,"name":"T\u00fcrkiye: Writer Yavuz Ekinci on trial again as spurious terror-propaganda case resumes"}]},{"@type":"WebSite","@id":"https:\/\/pen-greece.org\/en\/#website","url":"https:\/\/pen-greece.org\/en\/","name":"PEN Greece","description":"\u03a0\u0391\u039d\u0395\u039b\u039b\u0397\u039d\u0399\u039f \u03a3\u03a9\u039c\u0391\u03a4\u0395\u0399\u039f \u039b\u039f\u0393\u039f\u03a4\u0395\u03a7\u039d\u03a9\u039d \u039a\u0391\u0399 \u03a6\u0399\u039b\u03a9\u039d \u03a4\u0397\u03a3 \u039b\u039f\u0393\u039f\u03a4\u0395\u03a7\u039d\u0399\u0391\u03a3","publisher":{"@id":"https:\/\/pen-greece.org\/en\/#organization"},"potentialAction":[{"@type":"SearchAction","target":{"@type":"EntryPoint","urlTemplate":"https:\/\/pen-greece.org\/en\/?s={search_term_string}"},"query-input":{"@type":"PropertyValueSpecification","valueRequired":true,"valueName":"search_term_string"}}],"inLanguage":"en-US"},{"@type":"Organization","@id":"https:\/\/pen-greece.org\/en\/#organization","name":"PEN Greece","url":"https:\/\/pen-greece.org\/en\/","logo":{"@type":"ImageObject","inLanguage":"en-US","@id":"https:\/\/pen-greece.org\/en\/#\/schema\/logo\/image\/","url":"https:\/\/pen-greece.org\/wp-content\/uploads\/2021\/10\/pen-greece-logo-1.jpg","contentUrl":"https:\/\/pen-greece.org\/wp-content\/uploads\/2021\/10\/pen-greece-logo-1.jpg","width":994,"height":627,"caption":"PEN Greece"},"image":{"@id":"https:\/\/pen-greece.org\/en\/#\/schema\/logo\/image\/"},"sameAs":["https:\/\/www.facebook.com\/PENGREECE","https:\/\/x.com\/PenGreece","https:\/\/www.instagram.com\/pen_greece\/","https:\/\/www.linkedin.com\/company\/pen-greece\/","https:\/\/www.youtube.com\/channel\/UCZbfHhuxNWskHxOylyltfqQ"]},{"@type":"Person","@id":"https:\/\/pen-greece.org\/en\/#\/schema\/person\/619d527cc731718fc6d0d0aaf1fa326c","name":"PenGreece","image":{"@type":"ImageObject","inLanguage":"en-US","@id":"https:\/\/pen-greece.org\/wp-content\/uploads\/2021\/10\/pen-greece-avatar-96x96.jpg","url":"https:\/\/pen-greece.org\/wp-content\/uploads\/2021\/10\/pen-greece-avatar-96x96.jpg","contentUrl":"https:\/\/pen-greece.org\/wp-content\/uploads\/2021\/10\/pen-greece-avatar-96x96.jpg","caption":"PenGreece"},"description":"\u0395\u03c0\u03af\u03c3\u03b7\u03bc\u03bf \u03a0\u03b1\u03c1\u03ac\u03c1\u03c4\u03b7\u03bc\u03b1 \u03c4\u03bf\u03c5 PEN International \u03c3\u03c4\u03b7\u03bd \u0395\u03bb\u03bb\u03ac\u03b4\u03b1","url":"https:\/\/pen-greece.org\/en\/author\/pengreece\/"}]}},"_links":{"self":[{"href":"https:\/\/pen-greece.org\/en\/wp-json\/wp\/v2\/posts\/6191","targetHints":{"allow":["GET"]}}],"collection":[{"href":"https:\/\/pen-greece.org\/en\/wp-json\/wp\/v2\/posts"}],"about":[{"href":"https:\/\/pen-greece.org\/en\/wp-json\/wp\/v2\/types\/post"}],"author":[{"embeddable":true,"href":"https:\/\/pen-greece.org\/en\/wp-json\/wp\/v2\/users\/2"}],"replies":[{"embeddable":true,"href":"https:\/\/pen-greece.org\/en\/wp-json\/wp\/v2\/comments?post=6191"}],"version-history":[{"count":1,"href":"https:\/\/pen-greece.org\/en\/wp-json\/wp\/v2\/posts\/6191\/revisions"}],"predecessor-version":[{"id":6192,"href":"https:\/\/pen-greece.org\/en\/wp-json\/wp\/v2\/posts\/6191\/revisions\/6192"}],"wp:featuredmedia":[{"embeddable":true,"href":"https:\/\/pen-greece.org\/en\/wp-json\/wp\/v2\/media\/6185"}],"wp:attachment":[{"href":"https:\/\/pen-greece.org\/en\/wp-json\/wp\/v2\/media?parent=6191"}],"wp:term":[{"taxonomy":"category","embeddable":true,"href":"https:\/\/pen-greece.org\/en\/wp-json\/wp\/v2\/categories?post=6191"},{"taxonomy":"post_tag","embeddable":true,"href":"https:\/\/pen-greece.org\/en\/wp-json\/wp\/v2\/tags?post=6191"}],"curies":[{"name":"wp","href":"https:\/\/api.w.org\/{rel}","templated":true}]}}